{"id":2871,"date":"2020-04-07T10:38:30","date_gmt":"2020-04-07T13:38:30","guid":{"rendered":"https:\/\/www.confere.org.br\/wordpress\/?p=2871"},"modified":"2020-04-07T10:38:30","modified_gmt":"2020-04-07T13:38:30","slug":"senado-vota-projetos-para-manutencao-de-empregos-durante-calamidade","status":"publish","type":"post","link":"https:\/\/www.confere.org.br\/wordpress\/senado-vota-projetos-para-manutencao-de-empregos-durante-calamidade\/","title":{"rendered":"Senado vota projetos para manuten\u00e7\u00e3o de empregos durante calamidade"},"content":{"rendered":"\n<p>A din\u00e2mica de vota\u00e7\u00f5es a dist\u00e2ncia foi implantada devido \u00e0 pandemia de covid-19, que impede a realiza\u00e7\u00e3o de encontros presenciais.<\/p>\n\n\n\n<p>Um dos itens da pauta \u00e9 o PL 949\/2020, que isenta empresas de pagar o FGTS e outras contribui\u00e7\u00f5es sociais de empregados durante o estado de emerg\u00eancia em sa\u00fade p\u00fablica. De autoria do senador Iraj\u00e1 (PSD-TO), o texto adia a cobran\u00e7a desses encargos at\u00e9 o fim da decreta\u00e7\u00e3o de calamidade. Depois, os tributos ser\u00e3o recolhidos em parcelas mensais, em n\u00famero equivalente ao dobro dos meses de dura\u00e7\u00e3o da pandemia.<\/p>\n\n\n\n<p>A regra vale para empresas, independentemente do n\u00famero de empregados, do regime de tributa\u00e7\u00e3o (a exemplo do Simples), da natureza jur\u00eddica ou do ramo de atividade econ\u00f4mica. Para receber o benef\u00edcio n\u00e3o \u00e9 preciso fazer ades\u00e3o pr\u00e9via. A inten\u00e7\u00e3o, segundo Iraj\u00e1, \u00e9 garantir a subsist\u00eancia desses empreendimentos e a manuten\u00e7\u00e3o dos empregos.<\/p>\n\n\n\n<h4><br><strong>Empr\u00e9stimos <\/strong><\/h4>\n\n\n\n<p>O outro item a ser votado na quarta-feira \u00e9 o&nbsp;<a href=\"https:\/\/www25.senado.leg.br\/web\/atividade\/materias\/-\/materia\/141281\">PL 1.128\/2020<\/a>, do senador Omar Aziz (PSD-AM), que prop\u00f5e que bancos p\u00fablicos financiem folhas de pagamento. Pelo texto, BNDES, Banco do Brasil e Caixa Econ\u00f4mica devem emprestar, em condi\u00e7\u00f5es subsidiadas, at\u00e9 R$ 270 bilh\u00f5es para as empresas pagarem os sal\u00e1rios dos trabalhadores durante a calamidade p\u00fablica provocada pelo coronav\u00edrus. Em contrapartida, as empresas se comprometem a n\u00e3o demitir funcion\u00e1rios.<\/p>\n\n\n\n<p>O empres\u00e1rio que recorrer a esses financiamentos contar\u00e1 com uma s\u00e9rie de vantagens para contratar e quitar sua d\u00edvida. Dada a urg\u00eancia do momento, as institui\u00e7\u00f5es financeiras dever\u00e3o conceder esse tipo de empr\u00e9stimo da forma a mais simples e r\u00e1pida poss\u00edvel, sem impor a apresenta\u00e7\u00e3o de garantias e certid\u00f5es negativas de qualquer natureza.<\/p>\n\n\n\n<h4><br><strong>Sistem\u00e1tica <\/strong><\/h4>\n\n\n\n<p>Na sistem\u00e1tica virtual, os senadores discutem e aprovam as mat\u00e9rias por meio da internet. A proje\u00e7\u00e3o dos trabalhos, bem como as contribui\u00e7\u00f5es dos parlamentares, s\u00e3o transmitidas por meio de um tel\u00e3o. A reuni\u00e3o dever\u00e1 ser comandada pelo presidente do Senado, Davi Alcolumbre, que retornou ao trabalho na segunda-feira (6) depois de ter passado por isolamento social e se recuperado da infec\u00e7\u00e3o de covid-19.<\/p>\n\n\n\n<p><br><br><a href=\"https:\/\/www12.senado.leg.br\/noticias\/materias\/2020\/04\/07\/senado-vota-projetos-para-manutencao-de-empregos-durante-calamidade\" target=\"_blank\" rel=\"noreferrer noopener\" aria-label=\"Fonte: Ag\u00eancia Senado (abre numa nova aba)\">Fonte: Ag\u00eancia Senado<\/a><\/p>\n","protected":false},"excerpt":{"rendered":"<p>O Senado far\u00e1 duas sess\u00f5es deliberativas remotas nesta quarta-feira (8) para analisar projetos de enfrentamento \u00e0 crise econ\u00f4mica provocada pelo coronav\u00edrus.<\/p>\n","protected":false},"author":3,"featured_media":2872,"comment_status":"closed","ping_status":"closed","sticky":false,"template":"","format":"standard","meta":[],"categories":[2],"tags":[],"_links":{"self":[{"href":"https:\/\/www.confere.org.br\/wordpress\/wp-json\/wp\/v2\/posts\/2871"}],"collection":[{"href":"https:\/\/www.confere.org.br\/wordpress\/wp-json\/wp\/v2\/posts"}],"about":[{"href":"https:\/\/www.confere.org.br\/wordpress\/wp-json\/wp\/v2\/types\/post"}],"author":[{"embeddable":true,"href":"https:\/\/www.confere.org.br\/wordpress\/wp-json\/wp\/v2\/users\/3"}],"replies":[{"embeddable":true,"href":"https:\/\/www.confere.org.br\/wordpress\/wp-json\/wp\/v2\/comments?post=2871"}],"version-history":[{"count":1,"href":"https:\/\/www.confere.org.br\/wordpress\/wp-json\/wp\/v2\/posts\/2871\/revisions"}],"predecessor-version":[{"id":2873,"href":"https:\/\/www.confere.org.br\/wordpress\/wp-json\/wp\/v2\/posts\/2871\/revisions\/2873"}],"wp:featuredmedia":[{"embeddable":true,"href":"https:\/\/www.confere.org.br\/wordpress\/wp-json\/wp\/v2\/media\/2872"}],"wp:attachment":[{"href":"https:\/\/www.confere.org.br\/wordpress\/wp-json\/wp\/v2\/media?parent=2871"}],"wp:term":[{"taxonomy":"category","embeddable":true,"href":"https:\/\/www.confere.org.br\/wordpress\/wp-json\/wp\/v2\/categories?post=2871"},{"taxonomy":"post_tag","embeddable":true,"href":"https:\/\/www.confere.org.br\/wordpress\/wp-json\/wp\/v2\/tags?post=2871"}],"curies":[{"name":"wp","href":"https:\/\/api.w.org\/{rel}","templated":true}]}}