{"id":288,"date":"2019-09-19T17:57:01","date_gmt":"2019-09-19T20:57:01","guid":{"rendered":"http:\/\/www.confere.org.br\/wordpress\/?p=288"},"modified":"2019-10-08T15:55:40","modified_gmt":"2019-10-08T18:55:40","slug":"jurisprudencia","status":"publish","type":"post","link":"https:\/\/www.confere.org.br\/wordpress\/jurisprudencia\/","title":{"rendered":"Jurisprud\u00eancia"},"content":{"rendered":"\n<p>O CONFERE mostra ementas de jurisprud\u00eancia, publicadas no Di\u00e1rio da Justi\u00e7a, que podem tamb\u00e9m ser consultadas nos s\u00edtios do&nbsp;<a href=\"http:\/\/www.tst.jus.br\/jurisprudencia\/index_acordao.html\">Tribunal Superior do Trabalho &#8211; TST<\/a>&nbsp;e&nbsp;<a href=\"http:\/\/portal.trt1.jus.br:7777\/portal\/page?_pageid=73,12893876&amp;_dad=portal&amp;_schema=PORTAL\" target=\"_blank\" rel=\"noreferrer noopener\" aria-label=\" (abre numa nova aba)\">Tribunal Regional do Trabalho da 1\u00aa Regi\u00e3o<\/a>. Apresenta, tamb\u00e9m, solu\u00e7\u00f5es de consultas formuladas junto \u00e0s regi\u00f5es fiscais do Minist\u00e9rio da Fazenda.<\/p>\n","protected":false},"excerpt":{"rendered":"<p>O CONFERE mostra ementas de jurisprud\u00eancia, publicadas no Di\u00e1rio da Justi\u00e7a, que podem tamb\u00e9m ser consultadas nos s\u00edtios do&nbsp;Tribunal Superior do Trabalho &#8211; TST&nbsp;e&nbsp;Tribunal Regional do Trabalho da 1\u00aa Regi\u00e3o. Apresenta, tamb\u00e9m, solu\u00e7\u00f5es de consultas formuladas junto \u00e0s regi\u00f5es fiscais do Minist\u00e9rio da Fazenda.<\/p>\n","protected":false},"author":3,"featured_media":0,"comment_status":"closed","ping_status":"open","sticky":false,"template":"","format":"standard","meta":[],"categories":[18],"tags":[],"_links":{"self":[{"href":"https:\/\/www.confere.org.br\/wordpress\/wp-json\/wp\/v2\/posts\/288"}],"collection":[{"href":"https:\/\/www.confere.org.br\/wordpress\/wp-json\/wp\/v2\/posts"}],"about":[{"href":"https:\/\/www.confere.org.br\/wordpress\/wp-json\/wp\/v2\/types\/post"}],"author":[{"embeddable":true,"href":"https:\/\/www.confere.org.br\/wordpress\/wp-json\/wp\/v2\/users\/3"}],"replies":[{"embeddable":true,"href":"https:\/\/www.confere.org.br\/wordpress\/wp-json\/wp\/v2\/comments?post=288"}],"version-history":[{"count":2,"href":"https:\/\/www.confere.org.br\/wordpress\/wp-json\/wp\/v2\/posts\/288\/revisions"}],"predecessor-version":[{"id":450,"href":"https:\/\/www.confere.org.br\/wordpress\/wp-json\/wp\/v2\/posts\/288\/revisions\/450"}],"wp:attachment":[{"href":"https:\/\/www.confere.org.br\/wordpress\/wp-json\/wp\/v2\/media?parent=288"}],"wp:term":[{"taxonomy":"category","embeddable":true,"href":"https:\/\/www.confere.org.br\/wordpress\/wp-json\/wp\/v2\/categories?post=288"},{"taxonomy":"post_tag","embeddable":true,"href":"https:\/\/www.confere.org.br\/wordpress\/wp-json\/wp\/v2\/tags?post=288"}],"curies":[{"name":"wp","href":"https:\/\/api.w.org\/{rel}","templated":true}]}}