{"id":2902,"date":"2020-04-13T11:05:01","date_gmt":"2020-04-13T14:05:01","guid":{"rendered":"https:\/\/www.confere.org.br\/wordpress\/?p=2902"},"modified":"2020-04-13T11:05:03","modified_gmt":"2020-04-13T14:05:03","slug":"nao-consigo-me-cadastrar-no-auxilio-emergencial-porque-meu-cpf-esta-irregular-o-que-eu-faco","status":"publish","type":"post","link":"https:\/\/www.confere.org.br\/wordpress\/nao-consigo-me-cadastrar-no-auxilio-emergencial-porque-meu-cpf-esta-irregular-o-que-eu-faco\/","title":{"rendered":"N\u00e3o consigo me cadastrar no aux\u00edlio emergencial porque meu CPF est\u00e1 irregular. O que eu fa\u00e7o?"},"content":{"rendered":"\n<p>Os trabalhadores que querem fazer parte do aux\u00edlio emergencial de R$ 600 anunciado na ter\u00e7a-feira (7) pelo governo relatam dificuldades para finalizar o cadastro porque est\u00e3o com problemas com o CPF.<\/p>\n\n\n\n<ul><li><a href=\"https:\/\/g1.globo.com\/economia\/noticia\/2020\/04\/07\/tire-suas-duvidas-sobre-o-auxilio-emergencial-de-r-600.ghtml\">Tire suas d\u00favidas sobre o aux\u00edlio emergencial de R$ 600<\/a><\/li><li><a href=\"https:\/\/g1.globo.com\/economia\/noticia\/2020\/04\/07\/como-pedir-o-auxilio-de-600.ghtml\">Veja passo a passo para pedir o aux\u00edlio<\/a><\/li><\/ul>\n\n\n\n<p>O CPF precisa estar regularizado para que o cadastro no programa de aux\u00edlio emergencial seja analisado. Se estiver suspenso, \u00e9 porque pode haver pend\u00eancias na declara\u00e7\u00e3o do imposto de renda ou com a Justi\u00e7a Eleitoral, por exemplo.<\/p>\n\n\n\n<p>Isso significa que o contribuinte pode n\u00e3o ter feito alguma declara\u00e7\u00e3o do IR ou ter se ausentado de votar e ter multas pendentes com a Justi\u00e7a Eleitoral.<\/p>\n\n\n\n<p>Outras pend\u00eancias que levam a irregularidades no CPF s\u00e3o cadastro do contribuinte incorreto ou incompleto, multiplicidade ou fraude nos cadastros. Veja abaixo os tipos de situa\u00e7\u00e3o cadastral do CPF que podem ser encontrados:<\/p>\n\n\n\n<ul><li>REGULAR: n\u00e3o h\u00e1 nenhuma pend\u00eancia no cadastro do contribuinte.<\/li><li>PENDENTE DE REGULARIZA\u00c7\u00c3O: o contribuinte deixou de entregar alguma Declara\u00e7\u00e3o do Imposto Renda da Pessoa F\u00edsica dos \u00faltimos cinco anos.<\/li><li>SUSPENSA: o cadastro do contribuinte est\u00e1 incorreto ou incompleto.<\/li><li>CANCELADA: o CPF foi cancelado por multiplicidade, em virtude de decis\u00e3o administrativa ou judicial.<\/li><li>TITULAR FALECIDO: quando for inclu\u00eddo o ano de \u00f3bito<\/li><li>NULA: foi constatada fraude na inscri\u00e7\u00e3o e o CPF foi anulado.<\/li><\/ul>\n\n\n\n<p>De acordo com a Receita Federal, a situa\u00e7\u00e3o cadastral \u201c<strong>Pendente de regulariza\u00e7\u00e3o<\/strong>\u201d se resolve com o envio da declara\u00e7\u00e3o de IR do ano ausente, ainda que em atraso.<\/p>\n\n\n\n<p>Caso esteja \u201c<strong>Suspensa<\/strong>\u201d, a Receita pede que o contribuinte que possui t\u00edtulo de eleitor regularize a situa\u00e7\u00e3o em seu site&nbsp;<a href=\"https:\/\/servicos.receita.fazenda.gov.br\/Servicos\/CPF\/regularizar\/Default.asp\" target=\"_blank\" rel=\"noreferrer noopener\">(clique aqui)<\/a>. Sem o t\u00edtulo de eleitor, o cidad\u00e3o deve comparecer a uma ag\u00eancia do Banco do Brasil, da Caixa Econ\u00f4mica Federal ou dos Correios e pagar taxa de R$ 7,00.<\/p>\n\n\n\n<p>Segundo a Receita Federal, quem estiver com o CPF suspenso por&nbsp;<a href=\"https:\/\/g1.globo.com\/economia\/noticia\/2020\/04\/09\/receita-federal-vai-regularizar-cpfs-com-pendencias-eleitorais-para-quem-busca-auxilio-emergencial.ghtml\">pend\u00eancias na Justi\u00e7a Eleitoral ter\u00e1 o documento regularizado automaticamente at\u00e9 10 de abril<\/a>&nbsp;\u2013 essa regulariza\u00e7\u00e3o vale apenas para que o trabalhador possa solicitar o aux\u00edlio emergencial. Assim, essas pessoas poder\u00e3o se cadastrar no programa sem que seja necess\u00e1rio procurar qualquer \u00f3rg\u00e3o.<\/p>\n\n\n\n<p>Para saber a situa\u00e7\u00e3o cadastral do CPF, o contribuinte deve acessar&nbsp;<a href=\"http:\/\/www.receita.fazenda.gov.br\/aplicacoes\/atcta\/cpf\/consultapublica.asp\" target=\"_blank\" rel=\"noreferrer noopener\">este link<\/a>. Pelo&nbsp;<a href=\"https:\/\/servicos.receita.fazenda.gov.br\/Servicos\/CPF\/regularizar\/Default.asp\" target=\"_blank\" rel=\"noreferrer noopener\">site da Receita<\/a>, s\u00f3 \u00e9 poss\u00edvel solicitar a regulariza\u00e7\u00e3o de CPF quando a situa\u00e7\u00e3o cadastral estiver suspensa.<\/p>\n\n\n\n<p>Quando o contribuinte tem problemas por dados desatualizados como nome, endere\u00e7o, telefone ou estado civil, a Receita recomenda fazer o seguinte:<\/p>\n\n\n\n<ul><li>Dirigir-se, com os documentos pessoais (documento de identifica\u00e7\u00e3o oficial com foto, t\u00edtulo de eleitor, certid\u00e3o de casamento e documento que comprove o CPF do solicitante) a uma ag\u00eancia dos Correios, Caixa Econ\u00f4mica Federal ou Banco do Brasil e pagar a taxa de R$ 7,00;<\/li><li>Atrav\u00e9s da internet,&nbsp;<a href=\"https:\/\/servicos.receita.fazenda.gov.br\/Servicos\/CPF\/alterar\/default.asp\" target=\"_blank\" rel=\"noreferrer noopener\">preenchendo o Formul\u00e1rio Eletr\u00f4nico dispon\u00edvel no site da Receita<\/a><\/li><\/ul>\n\n\n\n<p><strong>No site da Receita, h\u00e1 um tira d\u00favidas sobre regulariza\u00e7\u00e3o do CPF (<\/strong><a href=\"http:\/\/receita.economia.gov.br\/orientacao\/tributaria\/cadastros\/cadastro-de-pessoas-fisicas-cpf\/assuntos-relacionados\/perguntas-e-respostas\" target=\"_blank\" rel=\"noreferrer noopener\"><strong>clique aqui)<\/strong><\/a><\/p>\n\n\n\n<h4><br>Problemas relatados<\/h4>\n\n\n\n<p>Leitores relatam problemas para fazer o cadastro para receber o aux\u00edlio emergencial por causa de pend\u00eancias encontradas na Receita Federal. Entre os relatos est\u00e3o dados que n\u00e3o conferem com os da Receita; dados n\u00e3o encontrados na Receita; CPF pendente de regulariza\u00e7\u00e3o sem ter sido suspenso; CPF em situa\u00e7\u00e3o inv\u00e1lida no cadastro e regular na Receita, CPF desatualizado na base da Receita Federal; impossibilidade de fazer o cadastro mesmo regularizando o CPF.<\/p>\n\n\n\n<h4><br>Receita libera atendimento online<\/h4>\n\n\n\n<p>A Receita Federal divulgou nota informando que o trabalhador que estiver com dificuldade para fazer o cadastro por causa de problemas com o CPF poder\u00e1 fazer a regulariza\u00e7\u00e3o de forma online e gratuita pelo site do \u00f3rg\u00e3o.<\/p>\n\n\n\n<p>De acordo com a Receita, o aplicativo e site que permitem o cadastramento no programa de aux\u00edlio emergencial \u201capresentou um volume excessivo de acessos, que pode ter impedido o cadastramento de muitos benefici\u00e1rios\u201d.<\/p>\n\n\n\n<p>Por isso, o \u00f3rg\u00e3o orienta o trabalhador a acessar novamente o sistema de cadastramento, em diferentes per\u00edodos do dia, pois a habilita\u00e7\u00e3o pode n\u00e3o ser poss\u00edvel na primeira tentativa. Persistindo a impossibilidade na habilita\u00e7\u00e3o por pend\u00eancia no CPF no aplicativo, A Receita indica verificar se o CPF se encontra na situa\u00e7\u00e3o &#8220;Regular&#8221; por meio da consulta no site da Receita Federal na Internet, no seguinte endere\u00e7o:&nbsp;<a href=\"https:\/\/servicos.receita.fazenda.gov.br\/Servicos\/CPF\/ConsultaSituacao\/ConsultaPublica.asp\" target=\"_blank\" rel=\"noreferrer noopener\">https:\/\/servicos.receita.fazenda.gov.br\/Servicos\/CPF\/ConsultaSituacao\/ConsultaPublica.asp<\/a><\/p>\n\n\n\n<p>Se o CPF estiver regular, qualquer restri\u00e7\u00e3o apresentada pelo aplicativo Caixa &#8211; Aux\u00edlio Emergencial n\u00e3o deve estar relacionada a uma pend\u00eancia com a Receita Federal, informa o \u00f3rg\u00e3o.<\/p>\n\n\n\n<p>\u00c9 importante que o cidad\u00e3o verifique no ato do preenchimento do aplicativo Caixa &#8211; Aux\u00edlio Emergencial se o nome do cidad\u00e3o, de sua m\u00e3e (se houver) e de sua data de nascimento coincidem com os dados constantes na base CPF da Receita Federal.<\/p>\n\n\n\n<p>Caso o cidad\u00e3o confirme que tenha a necessidade de regulariza\u00e7\u00e3o de dados do CPF, ela poder\u00e1 ser realizada de forma online e gratuita pelo site da Receita Federal pelas seguintes op\u00e7\u00f5es:<\/p>\n\n\n\n<p>&#8211; preferencialmente pelo formul\u00e1rio eletr\u00f4nico &#8220;Altera\u00e7\u00e3o de Dados Cadastrais no CPF:&nbsp;<a href=\"https:\/\/servicos.receita.fazenda.gov.br\/Servicos\/CPF\/alterar\/default.asp\" target=\"_blank\" rel=\"noreferrer noopener\">https:\/\/servicos.receita.fazenda.gov.br\/Servicos\/CPF\/alterar\/default.asp<\/a>;<\/p>\n\n\n\n<p>&#8211; Chat RFB:&nbsp;<a href=\"http:\/\/receita.economia.gov.br\/contato\/chat\" target=\"_blank\" rel=\"noreferrer noopener\">http:\/\/receita.economia.gov.br\/contato\/chat<\/a><\/p>\n\n\n\n<p>Para os casos em que n\u00e3o for poss\u00edvel regularizar pelo site, o atendimento poder\u00e1 ser efetuado via e-mail corporativo da RFB ou presencialmente em uma das unidades. A Receita informou que, por causa da pandemia da Covid-19, o atendimento presencial nas unidades est\u00e1 sendo realizada \u201cde forma excepcional\u201d.<\/p>\n\n\n\n<p>No caso do e-mail corporativo, o cidad\u00e3o dever\u00e1 enviar o e-mail de acordo com o seu estado de jurisdi\u00e7\u00e3o, conforme lista abaixo, solicitando o servi\u00e7o de regulariza\u00e7\u00e3o de CPF acompanhada da documenta\u00e7\u00e3o descrita no endere\u00e7o:&nbsp;<a href=\"http:\/\/receita.economia.gov.br\/orientacao\/tributaria\/cadastros\/cadastro-de-pessoas-fisicas-cpf\/servicos\/regularizacao-cpf\" target=\"_blank\" rel=\"noreferrer noopener\">http:\/\/receita.economia.gov.br\/orientacao\/tributaria\/cadastros\/cadastro-de-pessoas-fisicas-cpf\/servicos\/regularizacao-cpf<\/a><\/p>\n\n\n\n<p><strong>Veja os endere\u00e7os de e-mails corporativos de acordo com o estado:<\/strong><\/p>\n\n\n\n<ul><li>1\u00aa Regi\u00e3o Fiscal (DF, GO, MT, MS e TO): atendimentorfb.01@rfb.gov.br<\/li><li>2\u00aa Regi\u00e3o Fiscal (ACM AM, AP, PA, RO e RR): atendimentorfb.02@rfb.gov.br<\/li><li>3\u00aa Regi\u00e3o Fiscal (CE, MA e PI): atendimentorfb.03@rfb.gov.br<\/li><li>4\u00aa Regi\u00e3o Fiscal (AL, PB, PE e RN): atendimentorfb.04@rfb.gov.br<\/li><li>5\u00aa Regi\u00e3o Fiscal (BA e SE): atendimentorfb.05@rfb.gov.br<\/li><li>6\u00aa Regi\u00e3o Fiscal (MG): atendimentorfb.06@rfb.gov.br<\/li><li>7\u00aa Regi\u00e3o Fiscal (ES e RJ): atendimentorfb.07@rfb.gov.br<\/li><li>8\u00aa Regi\u00e3o Fiscal (SP): atendimentorfb.08@rfb.gov.br<\/li><li>9\u00aa Regi\u00e3o Fiscal (PR e SC): atendimentorfb.09@rfb.gov.br<\/li><li>10\u00aa Regi\u00e3o Fiscal (RS): atendimentorfb.10@rfb.gov.br<\/li><\/ul>\n\n\n\n<p><br><br><a href=\"https:\/\/g1.globo.com\/economia\/noticia\/2020\/04\/08\/nao-consigo-me-cadastrar-no-auxilio-emergencial-porque-meu-cpf-esta-irregular-o-que-eu-faco.ghtml\" target=\"_blank\" rel=\"noreferrer noopener\" aria-label=\"Fonte: www.g1.globo.com (abre numa nova aba)\">Fonte: www.g1.globo.com<\/a><\/p>\n","protected":false},"excerpt":{"rendered":"<p>O CPF precisa estar regularizado para que o cadastro no programa de aux\u00edlio emergencial seja analisado. Se estiver suspenso, pode haver pend\u00eancias na declara\u00e7\u00e3o do Imposto de Renda ou com a Justi\u00e7a Eleitoral, por exemplo.<\/p>\n","protected":false},"author":3,"featured_media":2903,"comment_status":"closed","ping_status":"closed","sticky":false,"template":"","format":"standard","meta":[],"categories":[2],"tags":[],"_links":{"self":[{"href":"https:\/\/www.confere.org.br\/wordpress\/wp-json\/wp\/v2\/posts\/2902"}],"collection":[{"href":"https:\/\/www.confere.org.br\/wordpress\/wp-json\/wp\/v2\/posts"}],"about":[{"href":"https:\/\/www.confere.org.br\/wordpress\/wp-json\/wp\/v2\/types\/post"}],"author":[{"embeddable":true,"href":"https:\/\/www.confere.org.br\/wordpress\/wp-json\/wp\/v2\/users\/3"}],"replies":[{"embeddable":true,"href":"https:\/\/www.confere.org.br\/wordpress\/wp-json\/wp\/v2\/comments?post=2902"}],"version-history":[{"count":1,"href":"https:\/\/www.confere.org.br\/wordpress\/wp-json\/wp\/v2\/posts\/2902\/revisions"}],"predecessor-version":[{"id":2904,"href":"https:\/\/www.confere.org.br\/wordpress\/wp-json\/wp\/v2\/posts\/2902\/revisions\/2904"}],"wp:featuredmedia":[{"embeddable":true,"href":"https:\/\/www.confere.org.br\/wordpress\/wp-json\/wp\/v2\/media\/2903"}],"wp:attachment":[{"href":"https:\/\/www.confere.org.br\/wordpress\/wp-json\/wp\/v2\/media?parent=2902"}],"wp:term":[{"taxonomy":"category","embeddable":true,"href":"https:\/\/www.confere.org.br\/wordpress\/wp-json\/wp\/v2\/categories?post=2902"},{"taxonomy":"post_tag","embeddable":true,"href":"https:\/\/www.confere.org.br\/wordpress\/wp-json\/wp\/v2\/tags?post=2902"}],"curies":[{"name":"wp","href":"https:\/\/api.w.org\/{rel}","templated":true}]}}