{"id":2912,"date":"2020-04-14T11:02:15","date_gmt":"2020-04-14T14:02:15","guid":{"rendered":"https:\/\/www.confere.org.br\/wordpress\/?p=2912"},"modified":"2020-04-14T11:02:15","modified_gmt":"2020-04-14T14:02:15","slug":"credito-para-microempresas-pode-alcancar-r-10-bilhoes","status":"publish","type":"post","link":"https:\/\/www.confere.org.br\/wordpress\/credito-para-microempresas-pode-alcancar-r-10-bilhoes\/","title":{"rendered":"Cr\u00e9dito para microempresas pode alcan\u00e7ar R$ 10 bilh\u00f5es"},"content":{"rendered":"\n<p>Segundo as fontes, que falaram em condi\u00e7\u00e3o de anonimato, cerca de 3 milh\u00f5es de empresas poder\u00e3o ser contempladas e a expectativa \u00e9 de que o volume de cr\u00e9dito some R$ 10 bilh\u00f5es, com car\u00eancia nas parcelas iniciais e pagamento dos empr\u00e9stimos em presta\u00e7\u00f5es alongadas.<\/p>\n\n\n\n<p>O programa dever\u00e1 sair nesta semana. A op\u00e7\u00e3o por canalizar os recursos via Caixa veio pela percep\u00e7\u00e3o de que a medida \u00e9 urgente, em meio ao congelamento das atividades com as medidas de isolamento tomadas para frear o cont\u00e1gio pelo coronav\u00edrus.<\/p>\n\n\n\n<p>\u201cTenho um cadastro de CNPJs de empresas ativas e operantes e que est\u00e3o em dia com a Receita. Nada melhor do que dar uma reciprocidade a elas pelo fato de serem boas pagadoras\u201d, disse uma das fontes.<\/p>\n\n\n\n<p>Inicialmente, pensou-se em um modelo em que o Tesouro disponibilizaria os recursos para opera\u00e7\u00f5es de cr\u00e9dito via bancos p\u00fablicos. Para o desenho seguir adiante, contudo, seria necess\u00e1rio formatar a proposta e envi\u00e1-la ao Congresso, o que seria mais demorado.<\/p>\n\n\n\n<p>Por ora, prevalece a ideia de ofertar \u00e0s empresas um cr\u00e9dito equivalente a 30% de dois faturamentos mensais. Segundo uma das fontes, essa \u00e9 a estimativa do valor, em m\u00e9dia, que as empresas precisariam \u201cpara sobreviver\u201d.<\/p>\n\n\n\n<p>O Simples Nacional \u00e9 um regime simplificado de arrecada\u00e7\u00e3o tribut\u00e1ria que contempla micro e pequenas empresas, com receita bruta de at\u00e9 R$ 4,8 milh\u00f5es ao ano.<\/p>\n\n\n\n<p>A avalia\u00e7\u00e3o do governo, entretanto, \u00e9 que os empreendedores que faturam mais de R$ 360 mil j\u00e1 foram contemplados pelo novo programa de cr\u00e9dito para a folha de pagamento, em que o Tesouro assume o risco majorit\u00e1rio de inadimpl\u00eancia para o financiamento de at\u00e9 dois sal\u00e1rios dos empregados.<\/p>\n\n\n\n<p>O programa de R$ 40 bilh\u00f5es foi voltado para empresas com faturamento anual de R$ 360 mil a R$ 10 milh\u00f5es. O Tesouro entrar\u00e1 com R$ 17 bilh\u00f5es por m\u00eas e os bancos contribuir\u00e3o com R$ 3 bilh\u00f5es.<\/p>\n\n\n\n<p>No fim de semana, o secret\u00e1rio do Tesouro, Mansueto Almeida, afirmou que a delimita\u00e7\u00e3o no financiamento \u00e0 folha ocorreu porque, abaixo do piso estabelecido para a receita bruta das empresas, o Banco Central n\u00e3o consegue identificar se os recursos est\u00e3o sendo canalizados de fato para o pagamento de sal\u00e1rios \u2013 uma das premissas do programa.<\/p>\n\n\n\n<p>A segunda fonte ouvida pela Reuters pontuou que o governo precisa estender uma corda para as microempresas nesse momento de extrema dificuldade.<\/p>\n\n\n\n<p><strong>Grandes empresas<\/strong>&nbsp;\u2013 O socorro para as grandes companhias est\u00e1 em estudo, mas deve vir depois, pela percep\u00e7\u00e3o de que essas empresas disp\u00f5em de mais f\u00f4lego para atravessar os pr\u00f3ximos dias. O governo tamb\u00e9m monitora se \u201csolu\u00e7\u00f5es de mercado\u201d n\u00e3o ir\u00e3o aparecer, com a compra de neg\u00f3cios por concorrentes. Muitos pequenos neg\u00f3cios, em contrapartida, est\u00e3o na imin\u00eancia de quebrar j\u00e1 em abril.<\/p>\n\n\n\n<p>Segundo a Reuters apurou, a equipe econ\u00f4mica tentou pegar carona em projeto do senador Jorginho Mello (PL-SC) para emplacar sua proposta para as microempresas, que previa inicialmente aporte do Tesouro. Mas o substitutivo da senadora K\u00e1tia Abreu (PP-TO) aprovado no Senado acabou com escopo maior e mais complexo do que o demandado na crise, na vis\u00e3o dos t\u00e9cnicos da Economia.<\/p>\n\n\n\n<p>Procurada, a Caixa Econ\u00f4mica Federal n\u00e3o se manifestou at\u00e9 o fechamento desta edi\u00e7\u00e3o.&nbsp;<strong>(Reuters)<\/strong><\/p>\n\n\n\n<h4><br>Bancos avaliam prorroga\u00e7\u00e3o do consignado<\/h4>\n\n\n\n<p><strong>Bras\u00edlia\/S\u00e3o Paulo<\/strong>&nbsp;\u2013 O presidente da Federa\u00e7\u00e3o Brasileira de Bancos (Febraban), Isaac Sidney, afirmou ontem que o setor estuda uma prorroga\u00e7\u00e3o para o cr\u00e9dito consignado e est\u00e1 focado em garantir cr\u00e9dito para a manuten\u00e7\u00e3o de empregos e empresas.<\/p>\n\n\n\n<p>Em live com o presidente da C\u00e2mara, deputado Rodrigo Maia (DEM-RJ), Sidney disse que os bancos est\u00e3o s\u00f3lidos e saud\u00e1veis, defendeu medidas de combate aos problemas emergenciais diante da crise do novo coronav\u00edrus e afirmou ainda que n\u00e3o \u00e9 o momento de mudan\u00e7as estruturais, como um aumento da carga tribut\u00e1ria.<\/p>\n\n\n\n<p>\u201cOs bancos est\u00e3o trabalhando intensamente para tentarmos estender a prorroga\u00e7\u00e3o que fizemos para outras linhas para o cr\u00e9dito consignado, quem sabe dando uma car\u00eancia\u201d, disse o presidente da Febraban.<\/p>\n\n\n\n<p>\u201cEstamos estudando isso de forma intensa h\u00e1 v\u00e1rios dias\u201d, afirmou, acrescentando que ainda se discute uma solu\u00e7\u00e3o para \u201cproblemas operacionais\u201d.<\/p>\n\n\n\n<p>Na semana passada, a Febraban havia informado que os bancos processaram mais de dois milh\u00f5es de pedidos de renegocia\u00e7\u00e3o de d\u00edvidas por dois a tr\u00eas meses, em linhas como cr\u00e9dito pessoal, imobili\u00e1rio, automotivo e capital de giro.<\/p>\n\n\n\n<p><strong>Bradesco<\/strong>&nbsp;\u2013 O Bradesco provavelmente aproveitar\u00e1 um novo programa do Banco Central para conceder empr\u00e9stimos a bancos usando suas carteiras de cr\u00e9dito como garantia, disse um de seus vice-presidentes em teleconfer\u00eancia ontem.<\/p>\n\n\n\n<p>O Conselho Monet\u00e1rio Nacional (CMN) abriu caminho para o plano, dizendo que permitir\u00e1 que os bancos no Pa\u00eds emitam R$ 650 bilh\u00f5es em novos empr\u00e9stimos em meio \u00e0 pandemia do novo coronav\u00edrus.<\/p>\n\n\n\n<p>Ainda assim, Cassiano Scarpelli afirmou n\u00e3o ter certeza se o Bradesco emitir\u00e1 a d\u00edvida subordinada at\u00e9 o valor equivalente ao seu patrim\u00f4nio l\u00edquido, teto permitido pelo novo regulamento.<\/p>\n\n\n\n<p>Scarpelli disse que a nova linha \u00e9 mais cara do que a taxa da sua principal fonte tradicional de financiamento, que equivale \u00e0 Selic, mais 0,6% ao ano.<\/p>\n\n\n\n<p>Na mesma teleconfer\u00eancia, o presidente-executivo do Bradesco, Octavio de Lazari, disse que o banco deve fazer provis\u00f5es adicionais para enfrentar aumentos futuros dos \u00edndices de inadimpl\u00eancia, mas n\u00e3o deu detalhes. Ele disse que 15% dos consumidores com d\u00edvidas que expiram no per\u00edodo desde o in\u00edcio do surto t\u00eam tentado adiar ou reduzir os pagamentos.<\/p>\n\n\n\n<p><br><br>Fonte: <a href=\"https:\/\/diariodocomercio.com.br\/financas\/credito-para-microempresas-pode-alcancar-r-10-bilhoes\/\" target=\"_blank\" rel=\"noreferrer noopener\" aria-label=\"Di\u00e1rio do Com\u00e9rcio (abre numa nova aba)\">Di\u00e1rio do Com\u00e9rcio<\/a><\/p>\n","protected":false},"excerpt":{"rendered":"<p>O governo federal ir\u00e1 lan\u00e7ar um programa de cr\u00e9dito a microempresas via Caixa Econ\u00f4mica Federal, que assumir\u00e1 o risco de inadimpl\u00eancia para neg\u00f3cios com faturamento anual de at\u00e9 R$ 360 mil que apresentarem hist\u00f3rico de bom pagamento no Simples, afirmaram duas fontes da equipe econ\u00f4mica \u00e0 Reuters.<\/p>\n","protected":false},"author":3,"featured_media":2913,"comment_status":"closed","ping_status":"closed","sticky":false,"template":"","format":"standard","meta":[],"categories":[2],"tags":[],"_links":{"self":[{"href":"https:\/\/www.confere.org.br\/wordpress\/wp-json\/wp\/v2\/posts\/2912"}],"collection":[{"href":"https:\/\/www.confere.org.br\/wordpress\/wp-json\/wp\/v2\/posts"}],"about":[{"href":"https:\/\/www.confere.org.br\/wordpress\/wp-json\/wp\/v2\/types\/post"}],"author":[{"embeddable":true,"href":"https:\/\/www.confere.org.br\/wordpress\/wp-json\/wp\/v2\/users\/3"}],"replies":[{"embeddable":true,"href":"https:\/\/www.confere.org.br\/wordpress\/wp-json\/wp\/v2\/comments?post=2912"}],"version-history":[{"count":1,"href":"https:\/\/www.confere.org.br\/wordpress\/wp-json\/wp\/v2\/posts\/2912\/revisions"}],"predecessor-version":[{"id":2914,"href":"https:\/\/www.confere.org.br\/wordpress\/wp-json\/wp\/v2\/posts\/2912\/revisions\/2914"}],"wp:featuredmedia":[{"embeddable":true,"href":"https:\/\/www.confere.org.br\/wordpress\/wp-json\/wp\/v2\/media\/2913"}],"wp:attachment":[{"href":"https:\/\/www.confere.org.br\/wordpress\/wp-json\/wp\/v2\/media?parent=2912"}],"wp:term":[{"taxonomy":"category","embeddable":true,"href":"https:\/\/www.confere.org.br\/wordpress\/wp-json\/wp\/v2\/categories?post=2912"},{"taxonomy":"post_tag","embeddable":true,"href":"https:\/\/www.confere.org.br\/wordpress\/wp-json\/wp\/v2\/tags?post=2912"}],"curies":[{"name":"wp","href":"https:\/\/api.w.org\/{rel}","templated":true}]}}