{"id":2915,"date":"2020-04-15T10:16:48","date_gmt":"2020-04-15T13:16:48","guid":{"rendered":"https:\/\/www.confere.org.br\/wordpress\/?p=2915"},"modified":"2020-04-15T10:16:48","modified_gmt":"2020-04-15T13:16:48","slug":"impostos-tributos-e-contribuicoes-veja-o-que-foi-adiado-suspenso-ou-reduzido-durante-a-pandemia","status":"publish","type":"post","link":"https:\/\/www.confere.org.br\/wordpress\/impostos-tributos-e-contribuicoes-veja-o-que-foi-adiado-suspenso-ou-reduzido-durante-a-pandemia\/","title":{"rendered":"Impostos, tributos e contribui\u00e7\u00f5es: veja o que foi adiado, suspenso ou reduzido durante a pandemia"},"content":{"rendered":"\n<p>O governo anunciou uma s\u00e9rie de medidas tribut\u00e1rias que adia, suspende ou altera o valor a ser recolhido aos cofres p\u00fablicos e tamb\u00e9m os prazos de pagamento ou entrega de declara\u00e7\u00f5es.<\/p>\n\n\n\n<ul><li><a href=\"https:\/\/g1.globo.com\/economia\/noticia\/2020\/04\/03\/medidas-economicas-na-crise-do-coronavirus-veja-perguntas-e-respostas.ghtml\">Medidas econ\u00f4micas na crise do coronav\u00edrus: veja perguntas e respostas<\/a><\/li><li><a href=\"https:\/\/g1.globo.com\/economia\/noticia\/2020\/03\/24\/coronavirus-veja-as-medidas-economicas-ja-anunciadas-pelo-governo-federal-e-pelo-bc.ghtml\">Coronav\u00edrus: veja as medidas econ\u00f4micas j\u00e1 anunciadas pelo governo federal e pelo BC<\/a><\/li><\/ul>\n\n\n\n<p>As mudan\u00e7as atingem e beneficiam n\u00e3o s\u00f3 empresas, mas tamb\u00e9m pequenos neg\u00f3cios, microempreendedores individuais, empregadores de trabalhadores dom\u00e9sticos e pessoas f\u00edsicas.<\/p>\n\n\n\n<p><strong>O conjunto de medidas inclui:<\/strong><\/p>\n\n\n\n<ol><li>Prorroga\u00e7\u00e3o do pagamento dos tributos do Simples Nacional<\/li><li>Adiamento e parcelamento do FGTS dos trabalhadores<\/li><li>Adiamento do PIS, Pasep, Cofins e da contribui\u00e7\u00e3o previdenci\u00e1ria<\/li><li>Redu\u00e7\u00e3o da contribui\u00e7\u00e3o obrigat\u00f3ria ao Sistema S<\/li><li>Redu\u00e7\u00e3o do IOF sobre opera\u00e7\u00f5es de cr\u00e9dito<\/li><li>Prorroga\u00e7\u00e3o do prazo de entrega da declara\u00e7\u00e3o do Imposto de Renda<\/li><li>Redu\u00e7\u00e3o de IPI de produtos m\u00e9dico-hospitalares<\/li><li>Redu\u00e7\u00e3o de imposto de importa\u00e7\u00e3o de produtos m\u00e9dico-hospitalares<\/li><li>Prorroga\u00e7\u00e3o da validade de certid\u00f5es de d\u00e9bitos e cr\u00e9ditos tribut\u00e1rios<\/li><\/ol>\n\n\n\n<p><strong>Veja abaixo o que j\u00e1 foi anunciado at\u00e9 o momento, por tributo:<\/strong><\/p>\n\n\n\n<h4><br>1. Prorroga\u00e7\u00e3o do pagamento dos tributos do Simples Nacional<\/h4>\n\n\n\n<p>O governo prorrogou, por 6 meses, o&nbsp;<a href=\"https:\/\/g1.globo.com\/economia\/pme\/noticia\/2020\/03\/18\/comite-aprova-prorrogacao-do-pagamento-de-tributos-do-simples-nacional.ghtml\">prazo para pagamento dos tributos federais no \u00e2mbito do Simples Nacional<\/a>, relativos aos per\u00edodos de mar\u00e7o, abril e maio. A medida vale para pequenas empresas e tamb\u00e9m se aplica aos Microempreendedores Individuais (MEIs). Assim:<\/p>\n\n\n\n<ul><li>a apura\u00e7\u00e3o&nbsp;<strong>mar\u00e7o<\/strong>, que seria paga em 20 de abril, fica com vencimento&nbsp;<strong>para 20 de outubro<\/strong>;<\/li><li>a apura\u00e7\u00e3o de&nbsp;<strong>abril<\/strong>, que seria paga em 20 de maio, fica com vencimento&nbsp;<strong>para 20 de novembro<\/strong>;<\/li><li>a apura\u00e7\u00e3o de&nbsp;<strong>maio<\/strong>, que seria paga em 22 de junho, fica com vencimento&nbsp;<strong>para 21 de dezembro<\/strong>.<\/li><\/ul>\n\n\n\n<p>J\u00e1 os&nbsp;<strong>tributos estaduais e municipais (ICMS e ISS)&nbsp;<\/strong>do Simples foram prorrogados por 90 dias, ficando assim:<\/p>\n\n\n\n<ul><li>a apura\u00e7\u00e3o&nbsp;<strong>mar\u00e7o<\/strong>, que seria paga em 20 de abril, fica com vencimento&nbsp;<strong>para 20 de julho<\/strong>;<\/li><li>a apura\u00e7\u00e3o de&nbsp;<strong>abril<\/strong>, que seria paga em 20 de maio, fica com vencimento&nbsp;<strong>para 20 de agosto<\/strong>;<\/li><li>a apura\u00e7\u00e3o de&nbsp;<strong>maio<\/strong>, que seria paga em 22 de junho, fica com vencimento&nbsp;<strong>para 21 de setembro<\/strong>.<\/li><\/ul>\n\n\n\n<p>Foi prorrogado tamb\u00e9m o prazo de apresenta\u00e7\u00e3o da&nbsp;<strong>Declara\u00e7\u00e3o de Informa\u00e7\u00f5es Socioecon\u00f4micas e Fiscais (Defis)&nbsp;<\/strong>para as empresas do Simples Nacional e da&nbsp;<strong>Declara\u00e7\u00e3o Anual Simplificada para o Microempreendedor Individual (DASN-Simei)<\/strong>, referentes ao ano calend\u00e1rio de 2019. O prazo agora se estender\u00e1&nbsp;<strong>at\u00e9 o dia 30 de junho<\/strong>.<\/p>\n\n\n\n<h4><br>2. Adiamento e parcelamento do FGTS dos trabalhadores<\/h4>\n\n\n\n<p>Foi autorizado o&nbsp;<a href=\"https:\/\/g1.globo.com\/economia\/noticia\/2020\/03\/31\/fgts-de-trabalhadores-domesticos-tambem-podera-ser-adiado-e-parcelado.ghtml\">adiamento e pagamento parcelado do dep\u00f3sito do Fundo de Garantia por Tempo de Servi\u00e7o (FGTS)&nbsp;<\/a>dos trabalhadores. O&nbsp;<strong>pagamento poder\u00e1 ser feito s\u00f3 a partir de julho, em 6 parcelas fixas<\/strong>.<\/p>\n\n\n\n<p>Todos os empregadores, inclusive o empregador de trabalhador dom\u00e9stico, poder\u00e3o se beneficiar da medida. Funcionar\u00e1 assim:<\/p>\n\n\n\n<ul><li>fica suspensa a obrigatoriedade do recolhimento referente aos per\u00edodos de mar\u00e7o, abril e maio, com vencimento em abril, maio e junho;<\/li><li>Para ter direito ao benef\u00edcio, o empregador \u00e9 obrigado a declarar as informa\u00e7\u00f5es no eSocial at\u00e9 o dia 7 de cada m\u00eas e a emitir a guia de recolhimento do Documento de Arrecada\u00e7\u00e3o (DAE);<\/li><li>o recolhimento do FGTS poder\u00e1 ser feito em 6 parcelas fixas com vencimento no dia 7 de cada m\u00eas, com in\u00edcio em julho e fim em dezembro.<\/li><\/ul>\n\n\n\n<h4><br>3. Adiamento do PIS, Pasep, Cofins e da contribui\u00e7\u00e3o previdenci\u00e1ria<\/h4>\n\n\n\n<p>O governo adiou o&nbsp;<a href=\"https:\/\/g1.globo.com\/economia\/noticia\/2020\/04\/01\/governo-reduz-a-zero-cobranca-de-iof-de-operacoes-de-credito-anuncia-receita.ghtml\">pagamento do PIS, Pasep, Cofins e tamb\u00e9m da contribui\u00e7\u00e3o previdenci\u00e1ria patronal&nbsp;<\/a>de empresas e empregadores de trabalhadores dom\u00e9sticos. O&nbsp;<strong>vencimento de abril e maio, relativo \u00e0s compet\u00eancias de mar\u00e7o e abril, passou para agosto e outubro<\/strong>.<\/p>\n\n\n\n<p>O governo estima que s\u00e3o R$ 80 bilh\u00f5es que ficar\u00e3o no caixa dessas empresas com esta posterga\u00e7\u00e3o.<\/p>\n\n\n\n<h4><br>4. Redu\u00e7\u00e3o da contribui\u00e7\u00e3o obrigat\u00f3ria ao Sistema S<\/h4>\n\n\n\n<p>As contribui\u00e7\u00f5es obrigat\u00f3rias das empresas ao Sistema S ser\u00e3o&nbsp;<a href=\"https:\/\/g1.globo.com\/economia\/noticia\/2020\/04\/01\/governo-reduz-a-metade-contribuicoes-para-o-sistema-s-por-3-meses.ghtml\">reduzidas em 50% por 3 meses<\/a>. A estimativa \u00e9 que as empresas deixem de pagar R$ 2,2 bilh\u00f5es no per\u00edodo. Ser\u00e3o afetadas pela medida as seguintes institui\u00e7\u00f5es: Senai, Sesi, Sesc, Sest, Sescoop, Senac, Senat e Senar.<\/p>\n\n\n\n<p>Os percentuais de contribui\u00e7\u00e3o, que at\u00e9 ent\u00e3o variavam de 0,2% a 2,5%, passam a ser os seguintes:<\/p>\n\n\n\n<ul><li>Sescoop: 1,25%<\/li><li>Sesi, Sesc e Sest: 0,75%<\/li><li>Senac, Senai e Senat: 0,5%<\/li><li>Senar: 1,25% a contribui\u00e7\u00e3o incidente sobre a folha de pagamento; 0,125% da contribui\u00e7\u00e3o incidente sobre a receita da comercializa\u00e7\u00e3o da produ\u00e7\u00e3o rural devida pelo produtor rural pessoa jur\u00eddica e pela agroind\u00fastria; e 0,1% da contribui\u00e7\u00e3o incidente sobre a receita da comercializa\u00e7\u00e3o da produ\u00e7\u00e3o rural devida pelo produtor rural pessoa f\u00edsica e segurado especial<\/li><\/ul>\n\n\n\n<h4><br>5. Redu\u00e7\u00e3o do IOF sobre opera\u00e7\u00f5es de cr\u00e9dito<\/h4>\n\n\n\n<p>O governo tamb\u00e9m<strong>&nbsp;reduziu a zero \u2013 por 90 dias&nbsp;<\/strong>\u2013 a&nbsp;<a href=\"https:\/\/g1.globo.com\/economia\/noticia\/2020\/04\/01\/governo-reduz-a-zero-cobranca-de-iof-de-operacoes-de-credito-anuncia-receita.ghtml\">cobran\u00e7a do Imposto sobre Opera\u00e7\u00f5es Financeiras (IOF) sobre opera\u00e7\u00f5es de cr\u00e9dito<\/a>. A al\u00edquota era de 3% ao ano.<\/p>\n\n\n\n<p>O benef\u00edcio vale para as opera\u00e7\u00f5es de cr\u00e9dito contratadas entre 3 de abril e 3 de julho. Com a medida, o governo deixar\u00e1 de arrecadar R$ 7 milh\u00f5es, segundo estimativa da Receita Federal.<\/p>\n\n\n\n<h4><br>6. Prorroga\u00e7\u00e3o do prazo de entrega da declara\u00e7\u00e3o do Imposto de Renda<\/h4>\n\n\n\n<p>Em raz\u00e3o da pandemia, a Receita Federal prorrogou o prazo de entrega da declara\u00e7\u00e3o de Imposto de Renda da Pessoa F\u00edsica (IRPF) por 60 dias. O&nbsp;<a href=\"https:\/\/g1.globo.com\/economia\/noticia\/2020\/04\/01\/receita-adia-para-30-de-junho-prazo-de-entrega-do-imposto-de-renda.ghtml\">prazo final passou de 30 de abril para 30 de junho<\/a>.<\/p>\n\n\n\n<p>Tamb\u00e9m foi prorrogado para o dia 30 de junho o prazo para a apresenta\u00e7\u00e3o da Declara\u00e7\u00e3o Final de Esp\u00f3lio e da Declara\u00e7\u00e3o de Sa\u00edda Definitiva do Pa\u00eds para estrangeiros ou brasileiros que moram no exterior.<\/p>\n\n\n\n<h4><br>7. Redu\u00e7\u00e3o de IPI de produtos m\u00e9dico-hospitalares<\/h4>\n\n\n\n<p>Decreto do governo federal<a href=\"https:\/\/www.gov.br\/economia\/pt-br\/assuntos\/noticias\/2020\/abril\/decreto-amplia-lista-de-produtos-medico-hospitalares-com-ipi-zerado\" target=\"_blank\" rel=\"noreferrer noopener\">&nbsp;zerou at\u00e9 30 de setembro as al\u00edquotas do Imposto sobre Produtos Industrializados (IPI)<\/a>&nbsp;de artigos de laborat\u00f3rio ou de farm\u00e1cia, luvas, term\u00f4metros cl\u00ednicos e outros produtos utilizados na preven\u00e7\u00e3o e tratamento do coronav\u00edrus.<\/p>\n\n\n\n<p>A ren\u00fancia fiscal decorrente desta medida \u00e9 estimada em R$ 26,6 milh\u00f5es.<\/p>\n\n\n\n<h4><br>8. Redu\u00e7\u00e3o de imposto de importa\u00e7\u00e3o de produtos m\u00e9dico-hospitalares<\/h4>\n\n\n\n<p>O governo federal zerou tarifas de importa\u00e7\u00e3o de produtos farmac\u00eauticos e equipamentos m\u00e9dico-hospitalares utilizados no combate ao novo coronav\u00edrus. O<a href=\"https:\/\/g1.globo.com\/bemestar\/coronavirus\/noticia\/2020\/03\/26\/governo-facilita-importacao-de-medicamentos-e-seringas-usados-no-combate-ao-novo-coronavirus.ghtml\">&nbsp;per\u00edodo com al\u00edquotas zeradas vai at\u00e9 30 de setembro<\/a>.<\/p>\n\n\n\n<p>Conforme o Minist\u00e9rio da Economia,&nbsp;<a href=\"https:\/\/g1.globo.com\/bemestar\/coronavirus\/noticia\/2020\/03\/26\/governo-facilita-importacao-de-medicamentos-e-seringas-usados-no-combate-ao-novo-coronavirus.ghtml\">61 itens<\/a>&nbsp;ficam com a tarifa de importa\u00e7\u00e3o zerada.<\/p>\n\n\n\n<p>A lista abrange itens que tinham tarifas de importa\u00e7\u00e3o de at\u00e9 35%, incluindo kits para testes de coronav\u00edrus, luvas de prote\u00e7\u00e3o, term\u00f4metros e agulhas, equipamentos de intuba\u00e7\u00e3o e aparelhos de respira\u00e7\u00e3o artificial (ventiladores).<\/p>\n\n\n\n<h4><br>9. Prorroga\u00e7\u00e3o da validade de certid\u00f5es de d\u00e9bitos e cr\u00e9ditos tribut\u00e1rios<\/h4>\n\n\n\n<p>Foi anunciada tamb\u00e9m a&nbsp;<a href=\"https:\/\/g1.globo.com\/economia\/noticia\/2020\/03\/24\/governo-prorroga-validade-de-certidoes-negativas-de-debito-ja-emitidas.ghtml\">prorroga\u00e7\u00e3o por 90 dias do prazo de validade das Certid\u00f5es Negativas de D\u00e9bitos (CND) e das Certid\u00f5es Positivas com Efeitos de Negativas (CNEND)<\/a>&nbsp;j\u00e1 emitidas, ambas relativas \u00e0 Cr\u00e9ditos Tribut\u00e1rios federais e \u00e0 Divida Ativa da Uni\u00e3o.<\/p>\n\n\n\n<p>Essas duas certid\u00f5es s\u00e3o necess\u00e1rias para que as pessoas jur\u00eddicas exer\u00e7am uma s\u00e9rie de atividades, como, por exemplo, participar de licita\u00e7\u00f5es ou obter financiamentos.<\/p>\n\n\n\n<h4><br>O que n\u00e3o mudou ou n\u00e3o tem defini\u00e7\u00e3o<\/h4>\n\n\n\n<p>Nada mudou at\u00e9 o momento nos prazos e regras em tributos como o Imposto sobre a Renda (IR) das empresas e da Contribui\u00e7\u00e3o Social sobre o Lucro L\u00edquido (CSLL).<\/p>\n\n\n\n<p>\u201cO governo federal veio concedendo, paulatinamente, medidas pretendendo aliviar os encargos tribut\u00e1rios das empresas. Iniciou com as micro e pequenas empresas, postergando os tributos recolhidos no regime do Simples Nacional, depois com os tributos que incidem sobre mercadorias importantes para o combate \u00e0 pandemia e, por \u00faltimo, lan\u00e7ou um pacote mais abrangente que incide sobre as demais empresas&#8221;, afirma Felipe Fleury, s\u00f3cio da \u00e1rea tribut\u00e1ria do Zockun &amp; Fleury Advogados. &#8220;Mas nem todos os tributos foram postergados. Por isso, muitas empresas continuam com o seu pleito perante o poder judici\u00e1rio, para que esses tributos tamb\u00e9m sejam postergados&#8221;.<\/p>\n\n\n\n<p>No \u00e2mbito estadual e municipal, em meio ao temor de queda na arrecada\u00e7\u00e3o, foram prorrogados os pagamento do ICMS e do Imposto Sobre Servi\u00e7o de Qualquer Natureza (ISS) apenas para empresas e Microempreendedores Individuais (MEI) que estejam enquadradas no&nbsp;<a href=\"https:\/\/g1.globo.com\/economia\/pme\/noticia\/2020\/03\/18\/comite-aprova-prorrogacao-do-pagamento-de-tributos-do-simples-nacional.ghtml\">Simples Nacional<\/a>.<\/p>\n\n\n\n<ul><li><a href=\"https:\/\/g1.globo.com\/politica\/noticia\/2020\/04\/13\/camara-aprova-texto-base-de-projeto-que-recompoe-icms-e-iss-para-estados-e-municipios.ghtml\">C\u00e2mara aprova projeto que rep\u00f5e a estados e munic\u00edpios perdas com ICMS e ISS<\/a><\/li><li><a href=\"https:\/\/g1.globo.com\/politica\/noticia\/2020\/04\/14\/governo-propoe-auxilio-de-r-127-7-bilhoes-para-estados-e-municipios-na-crise-do-coronavirus.ghtml\">Governo prop\u00f5e R$ 127,3 bilh\u00f5es para estados e munic\u00edpios como alternativa a texto da C\u00e2mara<\/a><\/li><\/ul>\n\n\n\n<p>Algumas prefeituras decidiram adiar o cronograma de pagamento do IPTU (Imposto sobre Propriedade Predial e Territorial Urbana), mas em diversas capitais nada mudou. Em S\u00e3o Paulo, o prefeito Bruno Covas (PSDB) disse que\u00a0<a href=\"https:\/\/g1.globo.com\/sp\/sao-paulo\/noticia\/2020\/04\/07\/prefeitura-e-contra-isencao-de-iptu-diz-covas-sobre-projeto-de-lei-que-propoe-plano-economico-contra-coronavirus.ghtml\">\u00e9 contra a prorroga\u00e7\u00e3o ou isen\u00e7\u00e3o de IPTU<\/a>.<\/p>\n\n\n\n<p><br><br>Fonte: <a href=\"https:\/\/g1.globo.com\/economia\/noticia\/2020\/04\/15\/impostos-tributos-e-contribuicoes-veja-o-que-foi-adiado-suspenso-ou-reduzido-durante-a-pandemia.ghtml\" target=\"_blank\" rel=\"noreferrer noopener\" aria-label=\"www.g1.globo.com (abre numa nova aba)\">www.g1.globo.com<\/a><\/p>\n","protected":false},"excerpt":{"rendered":"<p>Mudan\u00e7as beneficiam n\u00e3o s\u00f3 empresas, mas tamb\u00e9m pequenos neg\u00f3cios, microempreendedores individuais, empregadores de trabalhadores dom\u00e9sticos e pessoas f\u00edsicas.<\/p>\n","protected":false},"author":3,"featured_media":2916,"comment_status":"closed","ping_status":"closed","sticky":false,"template":"","format":"standard","meta":[],"categories":[2],"tags":[],"_links":{"self":[{"href":"https:\/\/www.confere.org.br\/wordpress\/wp-json\/wp\/v2\/posts\/2915"}],"collection":[{"href":"https:\/\/www.confere.org.br\/wordpress\/wp-json\/wp\/v2\/posts"}],"about":[{"href":"https:\/\/www.confere.org.br\/wordpress\/wp-json\/wp\/v2\/types\/post"}],"author":[{"embeddable":true,"href":"https:\/\/www.confere.org.br\/wordpress\/wp-json\/wp\/v2\/users\/3"}],"replies":[{"embeddable":true,"href":"https:\/\/www.confere.org.br\/wordpress\/wp-json\/wp\/v2\/comments?post=2915"}],"version-history":[{"count":1,"href":"https:\/\/www.confere.org.br\/wordpress\/wp-json\/wp\/v2\/posts\/2915\/revisions"}],"predecessor-version":[{"id":2917,"href":"https:\/\/www.confere.org.br\/wordpress\/wp-json\/wp\/v2\/posts\/2915\/revisions\/2917"}],"wp:featuredmedia":[{"embeddable":true,"href":"https:\/\/www.confere.org.br\/wordpress\/wp-json\/wp\/v2\/media\/2916"}],"wp:attachment":[{"href":"https:\/\/www.confere.org.br\/wordpress\/wp-json\/wp\/v2\/media?parent=2915"}],"wp:term":[{"taxonomy":"category","embeddable":true,"href":"https:\/\/www.confere.org.br\/wordpress\/wp-json\/wp\/v2\/categories?post=2915"},{"taxonomy":"post_tag","embeddable":true,"href":"https:\/\/www.confere.org.br\/wordpress\/wp-json\/wp\/v2\/tags?post=2915"}],"curies":[{"name":"wp","href":"https:\/\/api.w.org\/{rel}","templated":true}]}}