{"id":292,"date":"2019-09-20T11:40:51","date_gmt":"2019-09-20T14:40:51","guid":{"rendered":"http:\/\/www.confere.org.br\/wordpress\/?p=292"},"modified":"2019-12-03T11:45:22","modified_gmt":"2019-12-03T14:45:22","slug":"projetos-de-lei","status":"publish","type":"post","link":"https:\/\/www.confere.org.br\/wordpress\/projetos-de-lei\/","title":{"rendered":"Projetos de Lei"},"content":{"rendered":"\n<p style=\"font-size:23px;text-align:center\">O Confere acompanha, em Bras\u00edlia, a tramita\u00e7\u00e3o de diversos Projetos de Lei, <\/p>\n\n\n\n<p style=\"font-size:23px;text-align:center\"><em> <\/em>na C\u00e2mara dos Deputados e no Senado Federal, que interessam aos representantes comerciais.<\/p>\n\n\n\n<hr class=\"wp-block-separator\"\/>\n\n\n\n<div style=\"height:30px\" aria-hidden=\"true\" class=\"wp-block-spacer\"><\/div>\n\n\n\n<p><\/p>\n","protected":false},"excerpt":{"rendered":"<p>O Confere acompanha, em Bras\u00edlia, a tramita\u00e7\u00e3o de diversos Projetos de Lei, na C\u00e2mara dos Deputados e no Senado Federal, que interessam aos representantes comerciais.<\/p>\n","protected":false},"author":3,"featured_media":0,"comment_status":"closed","ping_status":"open","sticky":false,"template":"","format":"standard","meta":[],"categories":[18],"tags":[],"_links":{"self":[{"href":"https:\/\/www.confere.org.br\/wordpress\/wp-json\/wp\/v2\/posts\/292"}],"collection":[{"href":"https:\/\/www.confere.org.br\/wordpress\/wp-json\/wp\/v2\/posts"}],"about":[{"href":"https:\/\/www.confere.org.br\/wordpress\/wp-json\/wp\/v2\/types\/post"}],"author":[{"embeddable":true,"href":"https:\/\/www.confere.org.br\/wordpress\/wp-json\/wp\/v2\/users\/3"}],"replies":[{"embeddable":true,"href":"https:\/\/www.confere.org.br\/wordpress\/wp-json\/wp\/v2\/comments?post=292"}],"version-history":[{"count":25,"href":"https:\/\/www.confere.org.br\/wordpress\/wp-json\/wp\/v2\/posts\/292\/revisions"}],"predecessor-version":[{"id":1986,"href":"https:\/\/www.confere.org.br\/wordpress\/wp-json\/wp\/v2\/posts\/292\/revisions\/1986"}],"wp:attachment":[{"href":"https:\/\/www.confere.org.br\/wordpress\/wp-json\/wp\/v2\/media?parent=292"}],"wp:term":[{"taxonomy":"category","embeddable":true,"href":"https:\/\/www.confere.org.br\/wordpress\/wp-json\/wp\/v2\/categories?post=292"},{"taxonomy":"post_tag","embeddable":true,"href":"https:\/\/www.confere.org.br\/wordpress\/wp-json\/wp\/v2\/tags?post=292"}],"curies":[{"name":"wp","href":"https:\/\/api.w.org\/{rel}","templated":true}]}}