{"id":2937,"date":"2020-04-20T13:53:12","date_gmt":"2020-04-20T16:53:12","guid":{"rendered":"https:\/\/www.confere.org.br\/wordpress\/?p=2937"},"modified":"2020-04-20T13:58:57","modified_gmt":"2020-04-20T16:58:57","slug":"caixa-oferece-r-75-bi-para-micro-e-pequena-empresa-com-taxa-ate-40-menor","status":"publish","type":"post","link":"https:\/\/www.confere.org.br\/wordpress\/caixa-oferece-r-75-bi-para-micro-e-pequena-empresa-com-taxa-ate-40-menor\/","title":{"rendered":"Caixa oferece R$ 7,5 bi para micro e pequena empresa com taxa at\u00e9 40% menor"},"content":{"rendered":"\n<p> Pelas condi\u00e7\u00f5es oferecidas, os empreendedores contar\u00e3o com uma car\u00eancia de 9 a 12 meses, pagamento entre 24 e 36 meses, com taxas at\u00e9 40% menores, segundo a Caixa. Os valores m\u00e1ximos estipulados para o cr\u00e9dito s\u00e3o de at\u00e9 R$ 12,5 mil para MEI, at\u00e9 R$ 75 mil para microempresas e at\u00e9 125 mil para empresas de pequeno porte. Os juros s\u00e3o de 1,59% ao m\u00eas para MEI, 1,39% a.m. para microempresas e 1,19% a.m. para pequenas empresas.<\/p>\n\n\n\n<h4><br>Condi\u00e7\u00f5es do cr\u00e9dito da Caixa para MEIs, micro e pequenas empresas <\/h4>\n\n\n\n<figure class=\"wp-block-image size-large is-resized\"><img src=\"https:\/\/www.confere.org.br\/wordpress\/wp-content\/uploads\/2020\/04\/image-1.png\" alt=\"\" class=\"wp-image-2945\" width=\"704\" height=\"232\" srcset=\"https:\/\/www.confere.org.br\/wordpress\/wp-content\/uploads\/2020\/04\/image-1.png 997w, https:\/\/www.confere.org.br\/wordpress\/wp-content\/uploads\/2020\/04\/image-1-300x99.png 300w, https:\/\/www.confere.org.br\/wordpress\/wp-content\/uploads\/2020\/04\/image-1-768x253.png 768w\" sizes=\"(max-width: 704px) 100vw, 704px\" \/><\/figure>\n\n\n\n<p><br>Para ter acesso a essa linha especial de cr\u00e9dito, micro e pequenas empresas precisam ter faturamento m\u00e1ximo de R$ 4,8 milh\u00f5es por ano, estar com as contas em dia e ter mais de 12 meses de abertura. Quem n\u00e3o for cliente da Caixa poder\u00e1 abrir conta para pedir o financiamento. <\/p>\n\n\n\n<p><\/p>\n\n\n\n<p>O an\u00fancio foi feito hoje pelo secret\u00e1rio especial de Produtividade, Emprego e Competitividade (Sepec) do Minist\u00e9rio da Economia, Carlos da Costa; o presidente da Caixa, Pedro Guimar\u00e3es; o presidente do Sebrae, Carlos Melles, e o assessor especial do ministro da Economia, Guilherme Afif Domingos.<\/p>\n\n\n\n<p> A parceria utiliza as linhas de cr\u00e9dito disponibilizadas pela Caixa e as garantias complementares ser\u00e3o concedidas pelo Sebrae por meio do Fundo de Aval \u00e0s Micro e Pequenas Empresas (Fampe). Segundo Carlos Melles, a oferta de cr\u00e9dito pode atingir 42 milh\u00f5es de pessoas.<\/p>\n\n\n\n<p> &#8220;O banco disponibilizar\u00e1 melhores condi\u00e7\u00f5es de taxas, prazo e car\u00eancia, de forma a atender a demanda por cr\u00e9dito desse setor t\u00e3o importante para a economia&#8221;, disse Pedro Guimar\u00e3es, que afirmou que a medida equilibra &#8220;quest\u00e3o econ\u00f4mica e social&#8221;.<\/p>\n\n\n\n<p> Ainda segundo o presidente da Caixa, o benef\u00edcio n\u00e3o ser\u00e1 v\u00e1lido neste momento para empresas cujos s\u00f3cios estejam negativados. Neste caso, ele disse haver outras linhas de renegocia\u00e7\u00e3o de cr\u00e9dito dispon\u00edveis. <\/p>\n\n\n\n<p>Questionado sobre o valor ser suficiente para atender essas empresas, j\u00e1 que o Sebrae havia sugerido um valor de R$ 12 bilh\u00f5es, Guimar\u00e3es afirmou que avalia\u00e7\u00f5es internas apontaram este valor como &#8220;sustent\u00e1vel&#8221; para o banco. &#8220;Se houver um volume de demanda onde as pessoas tenham um volume de retorno melhor, pode chegar a R$ 12 bilh\u00f5es&#8221;, afirmou Guimar\u00e3es.<\/p>\n\n\n\n<p><br><br>Fonte: <a href=\"https:\/\/economia.uol.com.br\/noticias\/redacao\/2020\/04\/20\/caixa-e-sebrae-anunciam-credito-especial-a-micro-e-pequenas-empresas.htm\" target=\"_blank\" rel=\"noreferrer noopener\" aria-label=\"UOL (abre numa nova aba)\">UOL<\/a><\/p>\n","protected":false},"excerpt":{"rendered":"<p>A Caixa Econ\u00f4mica Federal e o Sebrae anunciaram nesta segunda-feira (20) uma parceria para oferecer R$ 7,5 bilh\u00f5es em cr\u00e9dito para microempreendedores individuais (MEI), micro e pequenas empresas. A medida \u00e9 um aux\u00edlio para essas empresas em meio \u00e0 pandemia do novo coronav\u00edrus, que paralisou servi\u00e7os e neg\u00f3cios.<\/p>\n","protected":false},"author":3,"featured_media":2938,"comment_status":"closed","ping_status":"closed","sticky":false,"template":"","format":"standard","meta":[],"categories":[2],"tags":[],"_links":{"self":[{"href":"https:\/\/www.confere.org.br\/wordpress\/wp-json\/wp\/v2\/posts\/2937"}],"collection":[{"href":"https:\/\/www.confere.org.br\/wordpress\/wp-json\/wp\/v2\/posts"}],"about":[{"href":"https:\/\/www.confere.org.br\/wordpress\/wp-json\/wp\/v2\/types\/post"}],"author":[{"embeddable":true,"href":"https:\/\/www.confere.org.br\/wordpress\/wp-json\/wp\/v2\/users\/3"}],"replies":[{"embeddable":true,"href":"https:\/\/www.confere.org.br\/wordpress\/wp-json\/wp\/v2\/comments?post=2937"}],"version-history":[{"count":7,"href":"https:\/\/www.confere.org.br\/wordpress\/wp-json\/wp\/v2\/posts\/2937\/revisions"}],"predecessor-version":[{"id":2947,"href":"https:\/\/www.confere.org.br\/wordpress\/wp-json\/wp\/v2\/posts\/2937\/revisions\/2947"}],"wp:featuredmedia":[{"embeddable":true,"href":"https:\/\/www.confere.org.br\/wordpress\/wp-json\/wp\/v2\/media\/2938"}],"wp:attachment":[{"href":"https:\/\/www.confere.org.br\/wordpress\/wp-json\/wp\/v2\/media?parent=2937"}],"wp:term":[{"taxonomy":"category","embeddable":true,"href":"https:\/\/www.confere.org.br\/wordpress\/wp-json\/wp\/v2\/categories?post=2937"},{"taxonomy":"post_tag","embeddable":true,"href":"https:\/\/www.confere.org.br\/wordpress\/wp-json\/wp\/v2\/tags?post=2937"}],"curies":[{"name":"wp","href":"https:\/\/api.w.org\/{rel}","templated":true}]}}