{"id":2951,"date":"2020-04-22T09:25:09","date_gmt":"2020-04-22T12:25:09","guid":{"rendered":"https:\/\/www.confere.org.br\/wordpress\/?p=2951"},"modified":"2020-04-22T10:01:56","modified_gmt":"2020-04-22T13:01:56","slug":"confere-recebe-carta-do-bndes","status":"publish","type":"post","link":"https:\/\/www.confere.org.br\/wordpress\/confere-recebe-carta-do-bndes\/","title":{"rendered":"Confere recebe carta do BNDES"},"content":{"rendered":"\n<p>O Confere recebeu uma carta do BNDES, em aten\u00e7\u00e3o ao OF\u00cdCIO CONFERE \/ PRESID\u00caNCIA DA REP\u00daBLICA, de 25\/03\/2020.<\/p>\n\n\n\n<p>Nela, o banco informa que vem atuando para mitigar os efeitos da pandemia na economia brasileira e lista duas alternativas de cr\u00e9dito:<\/p>\n\n\n\n<ul><li><strong>1. Programa Emergencial de Suporte a Empregos<\/strong><\/li><\/ul>\n\n\n\n<p> Trata-se de cr\u00e9dito emergencial para empresas com faturamento anual acima de R$ 360<\/p>\n\n\n\n<p> mil e at\u00e9 R$ 10 milh\u00f5es, exclusivamente para pagamento da folha de sal\u00e1rios de<\/p>\n\n\n\n<p> funcion\u00e1rios.<\/p>\n\n\n\n<p> O BNDES participar\u00e1 da operacionaliza\u00e7\u00e3o dos financiamentos, conectando Tesouro<\/p>\n\n\n\n<p> Nacional e bancos repassadores, sob supervis\u00e3o do Banco Central. Esse programa<\/p>\n\n\n\n<p> come\u00e7ou a ser ofertado pelos bancos parceiros no dia 08\/04\/2020.<\/p>\n\n\n\n<p>  Ser\u00e3o disponibilizados R$ 40 bilh\u00f5es (R$ 20 bilh\u00f5es por m\u00eas) para o financiamento de 2<\/p>\n\n\n\n<p> (dois) meses da folha de pagamento das empresas, sendo R$ 34 bilh\u00f5es oriundos do<\/p>\n\n\n\n<p> Tesouro Nacional e R$ 6 bilh\u00f5es de recursos das Institui\u00e7\u00f5es Financeiras participantes.<\/p>\n\n\n\n<p> Como contrapartida, a empresa apoiada pelo Programa n\u00e3o poder\u00e1 rescindir, sem justa<\/p>\n\n\n\n<p> causa, o contrato de trabalho de seus empregados no per\u00edodo compreendido entre a data<\/p>\n\n\n\n<p> da contrata\u00e7\u00e3o da linha de cr\u00e9dito e o sexag\u00e9simo dia ap\u00f3s o recebimento da \u00faltima<\/p>\n\n\n\n<p> parcela da linha de cr\u00e9dito. A taxa de juros \u00e9 prefixada de 3,75% ao ano (isenta de<\/p>\n\n\n\n<p> remunera\u00e7\u00e3o ao BNDES e aos bancos) e o empr\u00e9stimo dever\u00e1 ser pago em 36 meses,<\/p>\n\n\n\n<p> sendo 6 meses de car\u00eancia e 30 meses de amortiza\u00e7\u00e3o.<\/p>\n\n\n\n<p> O financiamento para folha de pagamento somente poder\u00e1 ser solicitado no banco<\/p>\n\n\n\n<p> respons\u00e1vel pelo processamento da folha de pagamento da empresa. A lista de agentes<\/p>\n\n\n\n<p> financeiros que j\u00e1 aderiram ao Programa, assim como esclarecimentos adicionais podem<\/p>\n\n\n\n<p> ser encontrados em: <a href=\"https:\/\/www.bndes.gov.br\/suporte-emprego\">https<\/a><a rel=\"noreferrer noopener\" aria-label=\":\/\/www.bndes.gov.br\/suporte-emprego (abre numa nova aba)\" href=\"https:\/\/www.bndes.gov.br\/suporte-emprego\" target=\"_blank\">:\/\/www.bndes.gov.br\/suporte-emprego<\/a><\/p>\n\n\n\n<ul><li><strong>2. Cr\u00e9dito livre para MPMEs<\/strong><\/li><\/ul>\n\n\n\n<p> Trata-se da expans\u00e3o da oferta de cr\u00e9dito livre, via agentes financeiros, para empresas com<\/p>\n\n\n\n<p> faturamento bruto anual at\u00e9 R$ 300 milh\u00f5es.<\/p>\n\n\n\n<p> O apoio est\u00e1 sendo feito atrav\u00e9s de linha j\u00e1 existente do BNDES denominada \u201cBNDES<\/p>\n\n\n\n<p> Cr\u00e9dito Pequenas Empresas\u201d. Trata-se de uma linha ativa e de ampla utiliza\u00e7\u00e3o pelos<\/p>\n\n\n\n<p> agentes financeiros credenciados, com modo de opera\u00e7\u00e3o simplificado e que oferece<\/p>\n\n\n\n<p> cr\u00e9dito livre (empr\u00e9stimo), compat\u00edvel com a necessidade das empresas no atual momento,<\/p>\n\n\n\n<p> cujo limite estabelecido \u00e9 de R$ 70 milh\u00f5es por benefici\u00e1rio\/ano.<\/p>\n\n\n\n<p> Publicamos na p\u00e1gina da linha BNDES Cr\u00e9dito Pequenas Empresas um link onde se pode<\/p>\n\n\n\n<p> ver os agentes mais atuantes em cada estado do pa\u00eds e para os diferentes segmentos. Para<\/p>\n\n\n\n<p> essa e outras informa\u00e7\u00f5es sobre a linha, acesse: <a href=\"https:\/\/www.bndes.gov.br\/pequenasempresas\">https:\/\/www.bndes.gov.br\/pequenasempresas<\/a><\/p>\n\n\n\n<p><\/p>\n\n\n\n<p><a href=\"https:\/\/www.confere.org.br\/wordpress\/wp-content\/uploads\/2020\/04\/Carta-039_CONFERE.pdf\" target=\"_blank\" rel=\"noreferrer noopener\" aria-label=\"Confira o documento na \u00edntegra. (abre numa nova aba)\">Confira o documento na \u00edntegra.<\/a><\/p>\n","protected":false},"excerpt":{"rendered":"<p>O banco informa que vem atuando para mitigar os efeitos da pandemia na economia brasileira e lista duas alternativas de cr\u00e9dito<\/p>\n","protected":false},"author":3,"featured_media":2948,"comment_status":"closed","ping_status":"closed","sticky":false,"template":"","format":"standard","meta":[],"categories":[34,49],"tags":[],"_links":{"self":[{"href":"https:\/\/www.confere.org.br\/wordpress\/wp-json\/wp\/v2\/posts\/2951"}],"collection":[{"href":"https:\/\/www.confere.org.br\/wordpress\/wp-json\/wp\/v2\/posts"}],"about":[{"href":"https:\/\/www.confere.org.br\/wordpress\/wp-json\/wp\/v2\/types\/post"}],"author":[{"embeddable":true,"href":"https:\/\/www.confere.org.br\/wordpress\/wp-json\/wp\/v2\/users\/3"}],"replies":[{"embeddable":true,"href":"https:\/\/www.confere.org.br\/wordpress\/wp-json\/wp\/v2\/comments?post=2951"}],"version-history":[{"count":7,"href":"https:\/\/www.confere.org.br\/wordpress\/wp-json\/wp\/v2\/posts\/2951\/revisions"}],"predecessor-version":[{"id":2960,"href":"https:\/\/www.confere.org.br\/wordpress\/wp-json\/wp\/v2\/posts\/2951\/revisions\/2960"}],"wp:featuredmedia":[{"embeddable":true,"href":"https:\/\/www.confere.org.br\/wordpress\/wp-json\/wp\/v2\/media\/2948"}],"wp:attachment":[{"href":"https:\/\/www.confere.org.br\/wordpress\/wp-json\/wp\/v2\/media?parent=2951"}],"wp:term":[{"taxonomy":"category","embeddable":true,"href":"https:\/\/www.confere.org.br\/wordpress\/wp-json\/wp\/v2\/categories?post=2951"},{"taxonomy":"post_tag","embeddable":true,"href":"https:\/\/www.confere.org.br\/wordpress\/wp-json\/wp\/v2\/tags?post=2951"}],"curies":[{"name":"wp","href":"https:\/\/api.w.org\/{rel}","templated":true}]}}