{"id":2963,"date":"2020-04-23T10:08:21","date_gmt":"2020-04-23T13:08:21","guid":{"rendered":"https:\/\/www.confere.org.br\/wordpress\/?p=2963"},"modified":"2020-04-23T10:11:12","modified_gmt":"2020-04-23T13:11:12","slug":"linhas-de-credito-disponibilizadas-por-instituicoes-financeiras-publicas-em-face-da-pandemia-da-covid-19","status":"publish","type":"post","link":"https:\/\/www.confere.org.br\/wordpress\/linhas-de-credito-disponibilizadas-por-instituicoes-financeiras-publicas-em-face-da-pandemia-da-covid-19\/","title":{"rendered":"Linhas de Cr\u00e9dito disponibilizadas por institui\u00e7\u00f5es financeiras p\u00fablicas em face da pandemia da Covid-19"},"content":{"rendered":"\n<p>O impacto financeiro causado pela pandemia da Covid-19 tem levado institui\u00e7\u00f5es financeiras a oferecer linhas de cr\u00e9dito com condi\u00e7\u00f5es diferenciadas aos empreendedores de todos os portes.<\/p>\n\n\n\n<p>A Procuradoria Geral do Core-SP promoveu um levantamento das principais linhas de cr\u00e9dito concedidas por bancos p\u00fablicos, que podem auxiliar os representantes comerciais paulistas neste per\u00edodo de dificuldade econ\u00f4mica.<\/p>\n\n\n\n<p><a href=\"https:\/\/www.confere.org.br\/wordpress\/wp-content\/uploads\/2020\/04\/Linhas-de-Credito.pdf\" target=\"_blank\" rel=\"noreferrer noopener\" aria-label=\"Clique aqui e confira o conte\u00fado. (abre numa nova aba)\">Clique aqui e confira o conte\u00fado.<\/a><\/p>\n\n\n\n<p>Fonte: Core-SP<\/p>\n","protected":false},"excerpt":{"rendered":"<p>A Procuradoria Geral do Core-SP promoveu um levantamento das principais linhas de cr\u00e9dito concedidas por bancos p\u00fablicos<\/p>\n","protected":false},"author":3,"featured_media":2961,"comment_status":"closed","ping_status":"closed","sticky":false,"template":"","format":"standard","meta":[],"categories":[34,49],"tags":[],"_links":{"self":[{"href":"https:\/\/www.confere.org.br\/wordpress\/wp-json\/wp\/v2\/posts\/2963"}],"collection":[{"href":"https:\/\/www.confere.org.br\/wordpress\/wp-json\/wp\/v2\/posts"}],"about":[{"href":"https:\/\/www.confere.org.br\/wordpress\/wp-json\/wp\/v2\/types\/post"}],"author":[{"embeddable":true,"href":"https:\/\/www.confere.org.br\/wordpress\/wp-json\/wp\/v2\/users\/3"}],"replies":[{"embeddable":true,"href":"https:\/\/www.confere.org.br\/wordpress\/wp-json\/wp\/v2\/comments?post=2963"}],"version-history":[{"count":2,"href":"https:\/\/www.confere.org.br\/wordpress\/wp-json\/wp\/v2\/posts\/2963\/revisions"}],"predecessor-version":[{"id":2966,"href":"https:\/\/www.confere.org.br\/wordpress\/wp-json\/wp\/v2\/posts\/2963\/revisions\/2966"}],"wp:featuredmedia":[{"embeddable":true,"href":"https:\/\/www.confere.org.br\/wordpress\/wp-json\/wp\/v2\/media\/2961"}],"wp:attachment":[{"href":"https:\/\/www.confere.org.br\/wordpress\/wp-json\/wp\/v2\/media?parent=2963"}],"wp:term":[{"taxonomy":"category","embeddable":true,"href":"https:\/\/www.confere.org.br\/wordpress\/wp-json\/wp\/v2\/categories?post=2963"},{"taxonomy":"post_tag","embeddable":true,"href":"https:\/\/www.confere.org.br\/wordpress\/wp-json\/wp\/v2\/tags?post=2963"}],"curies":[{"name":"wp","href":"https:\/\/api.w.org\/{rel}","templated":true}]}}