{"id":2971,"date":"2020-04-30T11:46:14","date_gmt":"2020-04-30T14:46:14","guid":{"rendered":"https:\/\/www.confere.org.br\/wordpress\/?p=2971"},"modified":"2022-11-18T11:02:58","modified_gmt":"2022-11-18T14:02:58","slug":"2020-resolucao-no-1-153-2020","status":"publish","type":"post","link":"https:\/\/www.confere.org.br\/wordpress\/2020-resolucao-no-1-153-2020\/","title":{"rendered":"2020 &#8211; Resolu\u00e7\u00e3o n\u00ba 1.153\/2020"},"content":{"rendered":"\n<p>Disp\u00f5e sobre a prorroga\u00e7\u00e3o do prazo estabelecido no art. 1\u00ba da Resolu\u00e7\u00e3o n\u00ba 1.152\/2020 \u2013 Confere.<\/p>\n\n\n\n<p><a href=\"https:\/\/www.confere.org.br\/wordpress\/wp-content\/uploads\/2020\/04\/RESOLUCAO-N-1153-DE-30-DE-ABRIL-DE-2020.pdf\">https:\/\/www.confere.org.br\/wordpress\/wp-content\/uploads\/2020\/04\/RESOLUCAO-N-1153-DE-30-DE-ABRIL-DE-2020.pdf<\/a><\/p>\n","protected":false},"excerpt":{"rendered":"<p>1.153, Resolu\u00e7\u00e3o, https:\/\/www.confere.org.br\/wordpress\/wp-content\/uploads\/2020\/04\/RESOLUCAO-N-1153-DE-30-DE-ABRIL-DE-2020.pdf<\/p>\n","protected":false},"author":3,"featured_media":0,"comment_status":"closed","ping_status":"closed","sticky":false,"template":"","format":"standard","meta":[],"categories":[52],"tags":[],"_links":{"self":[{"href":"https:\/\/www.confere.org.br\/wordpress\/wp-json\/wp\/v2\/posts\/2971"}],"collection":[{"href":"https:\/\/www.confere.org.br\/wordpress\/wp-json\/wp\/v2\/posts"}],"about":[{"href":"https:\/\/www.confere.org.br\/wordpress\/wp-json\/wp\/v2\/types\/post"}],"author":[{"embeddable":true,"href":"https:\/\/www.confere.org.br\/wordpress\/wp-json\/wp\/v2\/users\/3"}],"replies":[{"embeddable":true,"href":"https:\/\/www.confere.org.br\/wordpress\/wp-json\/wp\/v2\/comments?post=2971"}],"version-history":[{"count":1,"href":"https:\/\/www.confere.org.br\/wordpress\/wp-json\/wp\/v2\/posts\/2971\/revisions"}],"predecessor-version":[{"id":2973,"href":"https:\/\/www.confere.org.br\/wordpress\/wp-json\/wp\/v2\/posts\/2971\/revisions\/2973"}],"wp:attachment":[{"href":"https:\/\/www.confere.org.br\/wordpress\/wp-json\/wp\/v2\/media?parent=2971"}],"wp:term":[{"taxonomy":"category","embeddable":true,"href":"https:\/\/www.confere.org.br\/wordpress\/wp-json\/wp\/v2\/categories?post=2971"},{"taxonomy":"post_tag","embeddable":true,"href":"https:\/\/www.confere.org.br\/wordpress\/wp-json\/wp\/v2\/tags?post=2971"}],"curies":[{"name":"wp","href":"https:\/\/api.w.org\/{rel}","templated":true}]}}