{"id":3333,"date":"2020-08-04T12:42:03","date_gmt":"2020-08-04T15:42:03","guid":{"rendered":"https:\/\/www.confere.org.br\/wordpress\/?p=3333"},"modified":"2022-11-18T10:57:05","modified_gmt":"2022-11-18T13:57:05","slug":"2019-ato-homologatorio-no-10-2019","status":"publish","type":"post","link":"https:\/\/www.confere.org.br\/wordpress\/2019-ato-homologatorio-no-10-2019\/","title":{"rendered":"2019 &#8211; Ato Homologat\u00f3rio n\u00ba 10\/2019"},"content":{"rendered":"\n<p>Homologa o resultado da elei\u00e7\u00e3o para composi\u00e7\u00e3o do Conselho Regional dos Representantes Comerciais no Estado de S\u00e3o Paulo &#8211; Core-SP, para o tri\u00eanio 2019\/2022.<\/p>\n\n\n\n<p><a href=\"https:\/\/www.confere.org.br\/wordpress\/wp-content\/uploads\/2020\/08\/ATO-HOMOLOGATORIO-10_2019.pdf\" target=\"_blank\" rel=\"noreferrer noopener\" aria-label=\" (abre numa nova aba)\">https:\/\/www.confere.org.br\/wordpress\/wp-content\/uploads\/2020\/08\/ATO-HOMOLOGATORIO-10_2019.pdf<\/a><\/p>\n","protected":false},"excerpt":{"rendered":"<p>10, Ato Homologat\u00f3rio, https:\/\/www.confere.org.br\/wordpress\/wp-content\/uploads\/2020\/08\/ATO-HOMOLOGATORIO-10_2019.pdf<\/p>\n","protected":false},"author":3,"featured_media":0,"comment_status":"closed","ping_status":"closed","sticky":false,"template":"","format":"standard","meta":[],"categories":[52],"tags":[],"_links":{"self":[{"href":"https:\/\/www.confere.org.br\/wordpress\/wp-json\/wp\/v2\/posts\/3333"}],"collection":[{"href":"https:\/\/www.confere.org.br\/wordpress\/wp-json\/wp\/v2\/posts"}],"about":[{"href":"https:\/\/www.confere.org.br\/wordpress\/wp-json\/wp\/v2\/types\/post"}],"author":[{"embeddable":true,"href":"https:\/\/www.confere.org.br\/wordpress\/wp-json\/wp\/v2\/users\/3"}],"replies":[{"embeddable":true,"href":"https:\/\/www.confere.org.br\/wordpress\/wp-json\/wp\/v2\/comments?post=3333"}],"version-history":[{"count":2,"href":"https:\/\/www.confere.org.br\/wordpress\/wp-json\/wp\/v2\/posts\/3333\/revisions"}],"predecessor-version":[{"id":3335,"href":"https:\/\/www.confere.org.br\/wordpress\/wp-json\/wp\/v2\/posts\/3333\/revisions\/3335"}],"wp:attachment":[{"href":"https:\/\/www.confere.org.br\/wordpress\/wp-json\/wp\/v2\/media?parent=3333"}],"wp:term":[{"taxonomy":"category","embeddable":true,"href":"https:\/\/www.confere.org.br\/wordpress\/wp-json\/wp\/v2\/categories?post=3333"},{"taxonomy":"post_tag","embeddable":true,"href":"https:\/\/www.confere.org.br\/wordpress\/wp-json\/wp\/v2\/tags?post=3333"}],"curies":[{"name":"wp","href":"https:\/\/api.w.org\/{rel}","templated":true}]}}