{"id":3337,"date":"2020-08-04T12:47:20","date_gmt":"2020-08-04T15:47:20","guid":{"rendered":"https:\/\/www.confere.org.br\/wordpress\/?p=3337"},"modified":"2022-11-18T10:56:58","modified_gmt":"2022-11-18T13:56:58","slug":"2020-ato-homologatorio-no-02-2020","status":"publish","type":"post","link":"https:\/\/www.confere.org.br\/wordpress\/2020-ato-homologatorio-no-02-2020\/","title":{"rendered":"2020 &#8211; Ato Homologat\u00f3rio n\u00ba 02\/2020"},"content":{"rendered":"\n<p>Homologa o resultado da elei\u00e7\u00e3o para composi\u00e7\u00e3o do Conselho Regional dos Representantes Comerciais no Estado de Santa Catarina &#8211; Core-SC, para o tri\u00eanio 2020\/2023.<\/p>\n\n\n\n<p><a href=\"https:\/\/www.confere.org.br\/wordpress\/wp-content\/uploads\/2020\/08\/ATO-HOMOLOGATORIO-02_2020.pdf\" target=\"_blank\" rel=\"noreferrer noopener\" aria-label=\" (abre numa nova aba)\">https:\/\/www.confere.org.br\/wordpress\/wp-content\/uploads\/2020\/08\/ATO-HOMOLOGATORIO-02_2020.pdf<\/a><\/p>\n","protected":false},"excerpt":{"rendered":"<p>2, Ato Homologat\u00f3rio, https:\/\/www.confere.org.br\/wordpress\/wp-content\/uploads\/2020\/08\/ATO-HOMOLOGATORIO-02_2020.pdf<\/p>\n","protected":false},"author":3,"featured_media":0,"comment_status":"closed","ping_status":"closed","sticky":false,"template":"","format":"standard","meta":[],"categories":[52],"tags":[],"_links":{"self":[{"href":"https:\/\/www.confere.org.br\/wordpress\/wp-json\/wp\/v2\/posts\/3337"}],"collection":[{"href":"https:\/\/www.confere.org.br\/wordpress\/wp-json\/wp\/v2\/posts"}],"about":[{"href":"https:\/\/www.confere.org.br\/wordpress\/wp-json\/wp\/v2\/types\/post"}],"author":[{"embeddable":true,"href":"https:\/\/www.confere.org.br\/wordpress\/wp-json\/wp\/v2\/users\/3"}],"replies":[{"embeddable":true,"href":"https:\/\/www.confere.org.br\/wordpress\/wp-json\/wp\/v2\/comments?post=3337"}],"version-history":[{"count":1,"href":"https:\/\/www.confere.org.br\/wordpress\/wp-json\/wp\/v2\/posts\/3337\/revisions"}],"predecessor-version":[{"id":3338,"href":"https:\/\/www.confere.org.br\/wordpress\/wp-json\/wp\/v2\/posts\/3337\/revisions\/3338"}],"wp:attachment":[{"href":"https:\/\/www.confere.org.br\/wordpress\/wp-json\/wp\/v2\/media?parent=3337"}],"wp:term":[{"taxonomy":"category","embeddable":true,"href":"https:\/\/www.confere.org.br\/wordpress\/wp-json\/wp\/v2\/categories?post=3337"},{"taxonomy":"post_tag","embeddable":true,"href":"https:\/\/www.confere.org.br\/wordpress\/wp-json\/wp\/v2\/tags?post=3337"}],"curies":[{"name":"wp","href":"https:\/\/api.w.org\/{rel}","templated":true}]}}