{"id":3654,"date":"2020-10-08T08:52:40","date_gmt":"2020-10-08T11:52:40","guid":{"rendered":"https:\/\/www.confere.org.br\/wordpress\/?p=3654"},"modified":"2020-10-08T08:52:41","modified_gmt":"2020-10-08T11:52:41","slug":"numero-de-empresas-em-funcionamento-cresce-em-2528-mil-em-um-mes","status":"publish","type":"post","link":"https:\/\/www.confere.org.br\/wordpress\/numero-de-empresas-em-funcionamento-cresce-em-2528-mil-em-um-mes\/","title":{"rendered":"N\u00famero de empresas em funcionamento cresce em 252,8 mil em um m\u00eas"},"content":{"rendered":"\n<p>A retomada da economia est\u00e1 se refletindo no aumento do n\u00famero de empresas em funcionamento. Segundo o&nbsp;<a href=\"https:\/\/www.gov.br\/governodigital\/pt-br\/mapa-de-empresas\" target=\"_blank\" rel=\"noreferrer noopener\">Mapa de Empresas<\/a>&nbsp;do Minist\u00e9rio da Economia, em setembro foram abertos 252.840 neg\u00f3cios a mais do que foram fechados.<\/p>\n\n\n\n<p>Em 31 de agosto, havia 19.289.824 empresas ativas no pa\u00eds. Em 30 de setembro, o n\u00famero aumentou para 19.542.664.<br><br>As atividades econ\u00f4micas de maior destaque na cria\u00e7\u00e3o de empresas em setembro foram: cabeleireiros, manicure e pedicure; com\u00e9rcio varejista de artigos do vestu\u00e1rio e acess\u00f3rios; com\u00e9rcio varejista de bebidas; restaurantes e similares.<\/p>\n\n\n\n<p>Cada empresa levou em m\u00e9dia 2 dias e 21 horas para ser aberta em setembro, o mesmo tempo registrado em agosto. Do total de empresas criadas no m\u00eas passado, 32,8% demorou menos de um dia para abrir.<\/p>\n\n\n\n<p>A Estrat\u00e9gia de Governo Digital prev\u00ea a redu\u00e7\u00e3o do tempo m\u00e9dio de abertura de empresas no pa\u00eds para apenas um dia at\u00e9 o fim de 2022. Em 21 meses, o intervalo caiu quase \u00e0 metade. Em janeiro do ano passado, cada empresa levava, em m\u00e9dia, 5 dias e 19 horas para ser aberta.<\/p>\n\n\n\n<p>Segundo a Secretaria Especial de Desburocratiza\u00e7\u00e3o, Gest\u00e3o e Governo Digital do Minist\u00e9rio da Economia, a moderniza\u00e7\u00e3o das Juntas Comerciais e a amplia\u00e7\u00e3o da oferta de servi\u00e7os no portal gov.br contribu\u00edram para a redu\u00e7\u00e3o do tempo m\u00e9dio de abertura de empresas.<\/p>\n\n\n\n<p>Medidas que entraram em vigor com a Lei de Liberdade Econ\u00f4mica, como o registro autom\u00e1tico de empresas e a dispensa de alvar\u00e1 para atividades de baixo risco, tamb\u00e9m foram decisivas na avalia\u00e7\u00e3o do \u00f3rg\u00e3o.<\/p>\n\n\n\n<p><br><br>Fonte: <a rel=\"noreferrer noopener\" aria-label=\"Ag\u00eancia Brasil (abre numa nova aba)\" href=\"https:\/\/agenciabrasil.ebc.com.br\/economia\/noticia\/2020-10\/numero-de-empresas-em-funcionamento-cresce-em-2528-mil-em-um-mes\" target=\"_blank\">Ag\u00eancia Brasil<\/a><\/p>\n","protected":false},"excerpt":{"rendered":"<p>Sal\u00f5es de beleza e com\u00e9rcio de vestu\u00e1rio registram maiores retomadas<\/p>\n","protected":false},"author":3,"featured_media":3452,"comment_status":"closed","ping_status":"closed","sticky":false,"template":"","format":"standard","meta":[],"categories":[2],"tags":[],"_links":{"self":[{"href":"https:\/\/www.confere.org.br\/wordpress\/wp-json\/wp\/v2\/posts\/3654"}],"collection":[{"href":"https:\/\/www.confere.org.br\/wordpress\/wp-json\/wp\/v2\/posts"}],"about":[{"href":"https:\/\/www.confere.org.br\/wordpress\/wp-json\/wp\/v2\/types\/post"}],"author":[{"embeddable":true,"href":"https:\/\/www.confere.org.br\/wordpress\/wp-json\/wp\/v2\/users\/3"}],"replies":[{"embeddable":true,"href":"https:\/\/www.confere.org.br\/wordpress\/wp-json\/wp\/v2\/comments?post=3654"}],"version-history":[{"count":1,"href":"https:\/\/www.confere.org.br\/wordpress\/wp-json\/wp\/v2\/posts\/3654\/revisions"}],"predecessor-version":[{"id":3655,"href":"https:\/\/www.confere.org.br\/wordpress\/wp-json\/wp\/v2\/posts\/3654\/revisions\/3655"}],"wp:featuredmedia":[{"embeddable":true,"href":"https:\/\/www.confere.org.br\/wordpress\/wp-json\/wp\/v2\/media\/3452"}],"wp:attachment":[{"href":"https:\/\/www.confere.org.br\/wordpress\/wp-json\/wp\/v2\/media?parent=3654"}],"wp:term":[{"taxonomy":"category","embeddable":true,"href":"https:\/\/www.confere.org.br\/wordpress\/wp-json\/wp\/v2\/categories?post=3654"},{"taxonomy":"post_tag","embeddable":true,"href":"https:\/\/www.confere.org.br\/wordpress\/wp-json\/wp\/v2\/tags?post=3654"}],"curies":[{"name":"wp","href":"https:\/\/api.w.org\/{rel}","templated":true}]}}