{"id":3656,"date":"2020-10-09T08:12:46","date_gmt":"2020-10-09T11:12:46","guid":{"rendered":"https:\/\/www.confere.org.br\/wordpress\/?p=3656"},"modified":"2020-10-09T08:12:47","modified_gmt":"2020-10-09T11:12:47","slug":"comercio-varejista-atinge-maior-patamar-de-vendas-em-20-anos","status":"publish","type":"post","link":"https:\/\/www.confere.org.br\/wordpress\/comercio-varejista-atinge-maior-patamar-de-vendas-em-20-anos\/","title":{"rendered":"Com\u00e9rcio varejista atinge maior patamar de vendas em 20 anos"},"content":{"rendered":"\n<p>O volume de vendas do com\u00e9rcio varejista brasileiro teve alta de 3,4% na passagem de julho para agosto deste ano. Com o resultado, o indicador atingiu o maior patamar da s\u00e9rie hist\u00f3rica da Pesquisa Mensal de Com\u00e9rcio (PMC), iniciada em 2000, ficando 2,6% acima do recorde anterior, de outubro de 2014.<\/p>\n\n\n\n<p>Essa foi a quarta alta consecutiva do indicador, depois dos recuos de 2,4% em mar\u00e7o e de 16,7% em abril, devido ao in\u00edcio das medidas de isolamento adotadas por causa da pandemia de covid-19. O estudo foi feito pelo Instituto Brasileiro de Geografia e Estat\u00edstica &#8211; IBGE.<\/p>\n\n\n\n<p>O varejo tamb\u00e9m registrou altas de 5,6% na m\u00e9dia m\u00f3vel trimestral, de 6,1% na compara\u00e7\u00e3o com agosto de 2019 e de 0,5% em 12 meses. No acumulado do ano, no entanto, teve queda de 0,9%.<\/p>\n\n\n\n<p>Na passagem de julho para agosto, cinco das oito atividades do com\u00e9rcio varejista tiveram alta: tecidos, vestu\u00e1rio e cal\u00e7ados (30,5%), outros artigos de uso pessoal e dom\u00e9stico (10,4%), m\u00f3veis e eletrodom\u00e9sticos (4,6%), equipamentos e material para escrit\u00f3rio, inform\u00e1tica e comunica\u00e7\u00e3o (1,5%) e combust\u00edveis e lubrificantes (1,3%).<\/p>\n\n\n\n<h4><br>Perdas<\/h4>\n\n\n\n<p>Ao mesmo tempo, houve perdas nos segmentos de artigos farmac\u00eauticos, m\u00e9dicos, ortop\u00e9dicos, perfumaria e cosm\u00e9ticos (-1,2%), hipermercados, supermercados, produtos aliment\u00edcios, bebidas e fumo (-2,2%) e livros, jornais, revistas e papelaria (-24,7%).<\/p>\n\n\n\n<p>O varejo ampliado, que tamb\u00e9m inclui materiais de constru\u00e7\u00e3o e ve\u00edculos\/pe\u00e7as teve crescimento de 4,6% na compara\u00e7\u00e3o com julho deste ano, com altas nos materiais de constru\u00e7\u00e3o (3,6%) e nos ve\u00edculos, motos e pe\u00e7as (8,8%).<\/p>\n\n\n\n<p>O varejo ampliado tamb\u00e9m cresceu 7,6% na m\u00e9dia m\u00f3vel trimestral e 3,9% na compara\u00e7\u00e3o com agosto do ano passado. Mas teve perdas de 5% no acumulado do ano e de 1,7% no acumulado de 12 meses.<\/p>\n\n\n\n<p>A receita nominal do varejo teve altas de 3,9% na compara\u00e7\u00e3o com julho deste ano, de 10,1% na compara\u00e7\u00e3o com agosto de 2019, de 2,4% no acumulado do ano e de 3,4% no acumulado de 12 meses. J\u00e1 a receita do varejo ampliado teve altas de 5,2% se comparado com o m\u00eas anterior, de 7,7% em rela\u00e7\u00e3o a agosto do ano passado e de 1% em 12 meses. Mas teve queda de 1,8% no acumulado do ano.<\/p>\n\n\n\n<p><br><br>Fonte: <a rel=\"noreferrer noopener\" aria-label=\"Ag\u00eancia Brasil (abre numa nova aba)\" href=\"https:\/\/agenciabrasil.ebc.com.br\/economia\/noticia\/2020-10\/comercio-varejista-atinge-maior-patamar-de-vendas-em-20-anos\" target=\"_blank\">Ag\u00eancia Brasil<\/a><\/p>\n","protected":false},"excerpt":{"rendered":"<p>Faturamento cresceu 3,4% de julho para agosto<\/p>\n","protected":false},"author":3,"featured_media":3657,"comment_status":"closed","ping_status":"closed","sticky":false,"template":"","format":"standard","meta":[],"categories":[2],"tags":[],"_links":{"self":[{"href":"https:\/\/www.confere.org.br\/wordpress\/wp-json\/wp\/v2\/posts\/3656"}],"collection":[{"href":"https:\/\/www.confere.org.br\/wordpress\/wp-json\/wp\/v2\/posts"}],"about":[{"href":"https:\/\/www.confere.org.br\/wordpress\/wp-json\/wp\/v2\/types\/post"}],"author":[{"embeddable":true,"href":"https:\/\/www.confere.org.br\/wordpress\/wp-json\/wp\/v2\/users\/3"}],"replies":[{"embeddable":true,"href":"https:\/\/www.confere.org.br\/wordpress\/wp-json\/wp\/v2\/comments?post=3656"}],"version-history":[{"count":1,"href":"https:\/\/www.confere.org.br\/wordpress\/wp-json\/wp\/v2\/posts\/3656\/revisions"}],"predecessor-version":[{"id":3658,"href":"https:\/\/www.confere.org.br\/wordpress\/wp-json\/wp\/v2\/posts\/3656\/revisions\/3658"}],"wp:featuredmedia":[{"embeddable":true,"href":"https:\/\/www.confere.org.br\/wordpress\/wp-json\/wp\/v2\/media\/3657"}],"wp:attachment":[{"href":"https:\/\/www.confere.org.br\/wordpress\/wp-json\/wp\/v2\/media?parent=3656"}],"wp:term":[{"taxonomy":"category","embeddable":true,"href":"https:\/\/www.confere.org.br\/wordpress\/wp-json\/wp\/v2\/categories?post=3656"},{"taxonomy":"post_tag","embeddable":true,"href":"https:\/\/www.confere.org.br\/wordpress\/wp-json\/wp\/v2\/tags?post=3656"}],"curies":[{"name":"wp","href":"https:\/\/api.w.org\/{rel}","templated":true}]}}