{"id":3659,"date":"2020-10-13T07:48:53","date_gmt":"2020-10-13T10:48:53","guid":{"rendered":"https:\/\/www.confere.org.br\/wordpress\/?p=3659"},"modified":"2020-10-13T07:48:53","modified_gmt":"2020-10-13T10:48:53","slug":"setor-de-servicos-volta-a-crescer-em-setembro-apos-relaxamento-de-restricoes","status":"publish","type":"post","link":"https:\/\/www.confere.org.br\/wordpress\/setor-de-servicos-volta-a-crescer-em-setembro-apos-relaxamento-de-restricoes\/","title":{"rendered":"Setor de servi\u00e7os volta a crescer em setembro ap\u00f3s relaxamento de restri\u00e7\u00f5es"},"content":{"rendered":"\n<p>O levantamento mostrou que o PMI&nbsp;de&nbsp;servi\u00e7os&nbsp;do Brasil subiu a 50,4 em setembro,&nbsp;de&nbsp;49,5 em agosto, primeira vez acima da marca&nbsp;de&nbsp;50, que separa crescimento&nbsp;de&nbsp;contra\u00e7\u00e3o,&nbsp;desde&nbsp;fevereiro.<\/p>\n\n\n\n<p>\u201cOs dados para setembro\u00a0destacaram sinais preliminares\u00a0de\u00a0uma recupera\u00e7\u00e3o no\u00a0setor\u00a0de\u00a0servi\u00e7os\u00a0do Brasil, ap\u00f3s seis meses\u00a0de\u00a0contra\u00e7\u00e3o\u00a0devido \u00e0 pandemia\u00a0de\u00a0Covid-19\u201d, disse a diretora associada\u00a0de\u00a0economia do IHS Markit, Pollyanna\u00a0De\u00a0Lima.<\/p>\n\n\n\n<p>Entretanto, o IHS Markit, que realiza a pesquisa, alertou que o dado sugere apenas taxa marginal&nbsp;de&nbsp;expans\u00e3o, j\u00e1 que algumas empresas indicaram atividade&nbsp;menor em suas unidades, com entrevistados citando t\u00e9rmino&nbsp;de&nbsp;contratos,&nbsp;desemprego alto e impacto prolongado da pandemia sobre a&nbsp;demanda por seus&nbsp;servi\u00e7os.<\/p>\n\n\n\n<p>Ainda assim, o m\u00eas&nbsp;de&nbsp;setembro foi marcado por novos trabalhos e otimismo sustentado nas empresas.<\/p>\n\n\n\n<p>As novas encomendas cresceram pelo segundo m\u00eas seguido diante da reabertura, embora a taxa\u00a0de\u00a0crescimento tenha sido moderada. Os novos trabalhos do exterior voltaram a cair, chegando a nove meses seguidos\u00a0de\u00a0contra\u00e7\u00e3o, mas no mais fraco ritmo\u00a0de\u00a0perdas\u00a0desde\u00a0fevereiro.<\/p>\n\n\n\n<p>As empresas&nbsp;de&nbsp;servi\u00e7os&nbsp;viram seus custos aumentarem&nbsp;de&nbsp;novo em setembro, com evid\u00eancias apontando pre\u00e7os mais elevados&nbsp;de&nbsp;energia, alimentos, combust\u00edveis, materiais&nbsp;de&nbsp;higiene e&nbsp;de&nbsp;prote\u00e7\u00e3o pessoal.<\/p>\n\n\n\n<p>As empresas absorveram os custos adicionais e reduziram os pre\u00e7os cobrados, por\u00e9m \u00e0 custa&nbsp;de&nbsp;nova redu\u00e7\u00e3o nas folhas&nbsp;de&nbsp;pagamento.<\/p>\n\n\n\n<p>A queda no emprego do\u00a0setor\u00a0de\u00a0servi\u00e7os\u00a0foi marcante em setembro, mas a mais fraca\u00a0desde\u00a0que a atual sequ\u00eancia\u00a0de\u00a0redu\u00e7\u00f5es come\u00e7ou, em mar\u00e7o.<\/p>\n\n\n\n<p>Ainda assim, v\u00e1rios fornecedores&nbsp;de&nbsp;servi\u00e7os&nbsp;brasileiros mant\u00eam esperan\u00e7as&nbsp;de&nbsp;que uma vacina para a Covid-19 ser\u00e1 poss\u00edvel nos pr\u00f3ximos 12 meses, o que sustentaria o crescimento da produ\u00e7\u00e3o.<\/p>\n\n\n\n<p>Em contrapartida, outros preveem que a pandemia continuar\u00e1 restringindo a atividade. O otimismo geral se manteve, mas caiu em rela\u00e7\u00e3o a agosto e foi fraco em compara\u00e7\u00e3o com a m\u00e9dia da s\u00e9rie.<\/p>\n\n\n\n<p>Com o retorno ao crescimento do&nbsp;setor&nbsp;de&nbsp;servi\u00e7os&nbsp;e novo recorde&nbsp;de&nbsp;expans\u00e3o para a ind\u00fastria, o&nbsp;setor&nbsp;privado do Brasil cresceu pelo segundo m\u00eas seguido em setembro, com o PMI Composto marcando 53,6,&nbsp;de&nbsp;53,9 em agosto.<\/p>\n\n\n\n<p>\u201cA not\u00edcia da retomada no\u00a0setor\u00a0de\u00a0servi\u00e7os\u00a0complementou os resultados positivos da ind\u00fastria. Isso se traduz em crescimento sustentado da atividade\u00a0empresarial e novos trabalhos no\u00a0setor\u00a0privado\u201d, completou\u00a0De\u00a0Lima. (Reuters)<\/p>\n\n\n\n<p><br><br>Fonte: <a rel=\"noreferrer noopener\" aria-label=\"Di\u00e1rio do Com\u00e9rcio (abre numa nova aba)\" href=\"https:\/\/diariodocomercio.com.br\/economia\/setor-de-servicos-volta-a-crescer-em-setembro-apos-relaxamento-de-restricoes\/\" target=\"_blank\">Di\u00e1rio do Com\u00e9rcio<\/a><\/p>\n","protected":false},"excerpt":{"rendered":"<p>O setor\u00a0de\u00a0servi\u00e7os\u00a0brasileiro voltou a crescer em setembro\u00a0depois\u00a0de\u00a0seis meses\u00a0de\u00a0retra\u00e7\u00e3o, diante da reabertura das empresas ap\u00f3s o relaxamento das medidas\u00a0de\u00a0conten\u00e7\u00e3o ao coronav\u00edrus, mostrou ontem a pesquisa \u00cdndice\u00a0de\u00a0Gerentes\u00a0de\u00a0Compras (PMI, na sigla em ingl\u00eas).<\/p>\n","protected":false},"author":3,"featured_media":3660,"comment_status":"closed","ping_status":"closed","sticky":false,"template":"","format":"standard","meta":[],"categories":[2],"tags":[],"_links":{"self":[{"href":"https:\/\/www.confere.org.br\/wordpress\/wp-json\/wp\/v2\/posts\/3659"}],"collection":[{"href":"https:\/\/www.confere.org.br\/wordpress\/wp-json\/wp\/v2\/posts"}],"about":[{"href":"https:\/\/www.confere.org.br\/wordpress\/wp-json\/wp\/v2\/types\/post"}],"author":[{"embeddable":true,"href":"https:\/\/www.confere.org.br\/wordpress\/wp-json\/wp\/v2\/users\/3"}],"replies":[{"embeddable":true,"href":"https:\/\/www.confere.org.br\/wordpress\/wp-json\/wp\/v2\/comments?post=3659"}],"version-history":[{"count":1,"href":"https:\/\/www.confere.org.br\/wordpress\/wp-json\/wp\/v2\/posts\/3659\/revisions"}],"predecessor-version":[{"id":3661,"href":"https:\/\/www.confere.org.br\/wordpress\/wp-json\/wp\/v2\/posts\/3659\/revisions\/3661"}],"wp:featuredmedia":[{"embeddable":true,"href":"https:\/\/www.confere.org.br\/wordpress\/wp-json\/wp\/v2\/media\/3660"}],"wp:attachment":[{"href":"https:\/\/www.confere.org.br\/wordpress\/wp-json\/wp\/v2\/media?parent=3659"}],"wp:term":[{"taxonomy":"category","embeddable":true,"href":"https:\/\/www.confere.org.br\/wordpress\/wp-json\/wp\/v2\/categories?post=3659"},{"taxonomy":"post_tag","embeddable":true,"href":"https:\/\/www.confere.org.br\/wordpress\/wp-json\/wp\/v2\/tags?post=3659"}],"curies":[{"name":"wp","href":"https:\/\/api.w.org\/{rel}","templated":true}]}}