{"id":3662,"date":"2020-10-14T09:13:41","date_gmt":"2020-10-14T12:13:41","guid":{"rendered":"https:\/\/www.confere.org.br\/wordpress\/?p=3662"},"modified":"2020-10-14T09:13:41","modified_gmt":"2020-10-14T12:13:41","slug":"pronampe-ganha-3a-fase-turbinada-que-pode-liberar-mais-r-33-bilhoes-a-micro-e-pequenas-empresas","status":"publish","type":"post","link":"https:\/\/www.confere.org.br\/wordpress\/pronampe-ganha-3a-fase-turbinada-que-pode-liberar-mais-r-33-bilhoes-a-micro-e-pequenas-empresas\/","title":{"rendered":"Pronampe ganha 3\u00aa fase &#8216;turbinada&#8217; que pode liberar mais R$ 33 bilh\u00f5es a micro e pequenas empresas"},"content":{"rendered":"\n<p>Iniciativa de maior sucesso do governo lan\u00e7ado para socorrer as companhias que mais sofreram o&nbsp;<strong>baque da crise<\/strong>&nbsp;trazida pela&nbsp;<a href=\"https:\/\/tudo-sobre.estadao.com.br\/epidemia\"><strong>pandemia<\/strong><\/a>&nbsp;de&nbsp;<a href=\"https:\/\/tudo-sobre.estadao.com.br\/coronavirus\"><strong>covid-19<\/strong><\/a>, o&nbsp;<a href=\"https:\/\/economia.estadao.com.br\/noticias\/geral,entenda-o-pronampe-a-nova-linha-de-credito-do-governo-para-pequenas-e-medias-empresas,70003330898\"><strong>Programa de Apoio \u00e0s Microempresas e Empresas de Pequeno Porte (Pronampe)<\/strong><\/a>, que ganhou popularidade entre os empreendedores por conta de seu juro baixo, ter\u00e1 uma&nbsp;<strong>terceira fase<\/strong>. Depois de j\u00e1 ter liberado&nbsp;<strong>R$ 32 bilh\u00f5es em cr\u00e9dito<\/strong>, distribu\u00eddos para&nbsp;<strong>465 mil<\/strong>&nbsp;micro e pequenas empresas, a pr\u00f3xima fase ser\u00e1 aberta com o&nbsp;<strong>remanejamento<\/strong>&nbsp;de recursos de outro programa lan\u00e7ado no contexto da crise, o&nbsp;<strong>Programa Emergencial de Suporte a Empregos (PESE)<\/strong>, conforme antecipado pelo&nbsp;<strong>Estad\u00e3o\/Broadcast<\/strong>.<\/p>\n\n\n\n<p>O assunto vinha sendo debatido dentro da\u00a0<strong>Secretaria Especial de Produtividade, Emprego e Competitividade (SEPEC)<\/strong>\u00a0do\u00a0<a href=\"https:\/\/tudo-sobre.estadao.com.br\/ministerio-da-economia\"><strong>Minist\u00e9rio da Economia<\/strong><\/a>\u00a0e o plano \u00e9 que at\u00e9 a pr\u00f3xima semana a proposta seja encaminhada ao\u00a0<a href=\"https:\/\/tudo-sobre.estadao.com.br\/congresso-nacional\"><strong>Congresso<\/strong><\/a>. Segundo a subsecret\u00e1ria de Desenvolvimento de Micro e Pequenas Empresas, Empreendedorismo e Artesanato da pasta,\u00a0<strong>Ant\u00f4nia Tallarida<\/strong>, a nova fase ser\u00e1 &#8220;turbinada&#8221;, j\u00e1 que a proposta incluir\u00e1 uma mudan\u00e7a que permitir\u00e1 maior alavancagem dos recursos, aumentando assim o dinheiro direcionado ao programa.<\/p>\n\n\n\n<p>Com isso, os R$ 10 bilh\u00f5es que vir\u00e3o do PESE permitir\u00e3o que a terceira fase do Pronampe tenha um potencial de alcan\u00e7ar\u00a0<strong>R$ 33 bilh\u00f5es<\/strong>. &#8220;Durante a crise temos que nos adaptar e vamos dando foco no que funciona mais&#8221;, afirma Ant\u00f4nia, em entrevista ao\u00a0<strong>Estad\u00e3o\/Broadcast<\/strong>. Segundo ela, o PESE pode ter registrado demanda menor do que o esperado inicialmente porque os empres\u00e1rios tinham como op\u00e7\u00e3o a suspens\u00e3o dos contratos de trabalho, outra medida no contexto de mitigar os efeitos da crise. <\/p>\n\n\n\n<p>Segundo Ant\u00f4nia, uma das cr\u00edticas recebidas em rela\u00e7\u00e3o ao programa era de que a alavancagem permitida com a garantia prestada pelo&nbsp;<strong>Fundo de Garantia de Opera\u00e7\u00f5es (FGO)<\/strong>&nbsp;era muito baixa. Nas outras fases, a garantia foi de 85%, que agora passar\u00e1 para 30%, elevando o volume disponibilizado pelo Pronampe. A avalia\u00e7\u00e3o para essa mudan\u00e7a \u00e9 que os riscos neste momento est\u00e3o menores, j\u00e1 que as empresas est\u00e3o retomando suas atividades, e a leitura \u00e9 de que inadimpl\u00eancia &#8220;n\u00e3o deve ser algo fora do par\u00e2metro&#8221;.<\/p>\n\n\n\n<p>O Pronampe recebeu alta demanda tendo uma das raz\u00f5es os juros baixos, j\u00e1 que para liberar esse cr\u00e9dito os bancos n\u00e3o precisaram de muito requisito de capital. Agora, para a nova fase, Ant\u00f4nia afirma que haver\u00e1 um ajuste na pondera\u00e7\u00e3o de risco para o desenho final ser conclu\u00eddo. Os juros, assim, podem ser um pouco maiores do que nas fases pr\u00e9vias. O que n\u00e3o muda \u00e9 que o dinheiro do programa deve ser utilizado pelas empresas que acessarem a linha\u00a0<strong>at\u00e9 o dia 31 de dezembro<\/strong>.<\/p>\n\n\n\n<p>&#8220;Esses recursos podem ser essenciais na fase de retomada&#8221;, diz. Ela afirma que a&nbsp;<a href=\"https:\/\/tudo-sobre.estadao.com.br\/caixa-economica-federal\"><strong>Caixa Econ\u00f4mica Federal<\/strong><\/a>&nbsp;e o&nbsp;<a href=\"https:\/\/tudo-sobre.estadao.com.br\/banco-do-brasil\"><strong>Banco do Brasil<\/strong><\/a>&nbsp;foram importantes interlocutores nesse processo e que o apetite das demais institui\u00e7\u00f5es financeiras, em especial os bancos privados, pode depender de como ser\u00e1 o desenho final da linha.<\/p>\n\n\n\n<p>A decis\u00e3o de dar mais uma fase ao Pronampe ocorre quando as cinco linhas lan\u00e7adas pelo governo no contexto da pandemia, para apoio das empresas, atingiu a marca de R$ 100 bilh\u00f5es em cr\u00e9dito liberados. Al\u00e9m dos R$ 32 bilh\u00f5es pelo Pronampe, R$ 61 bilh\u00f5es foram concedidos pelo\u00a0<strong>Programa Emergencial de Acesso a Cr\u00e9dito (PEAC)<\/strong>, com a garantia do\u00a0<strong>Fundo Garantidor de Investimentos (FGI)<\/strong>, administrado pelo\u00a0<a href=\"https:\/\/tudo-sobre.estadao.com.br\/bndes-banco-nacional-de-desenvolvimento-economico-e-social\"><strong>Banco Nacional de Desenvolvimento Econ\u00f4mico e Social (BNDES)<\/strong><\/a>\u00a0e o PESE, que acabou liberando R$ 6 bilh\u00f5es em cr\u00e9dito at\u00e9 aqui.<\/p>\n\n\n\n<p>Outra linha que entra nessa conta foi a capitaneada pelo\u00a0<a href=\"https:\/\/tudo-sobre.estadao.com.br\/sebrae\"><strong>Sebrae<\/strong><\/a>, com recursos do\u00a0<strong>Fundo de Aval para as Micro e Pequenas Empresas (Fampe)<\/strong>. N\u00e3o entraram os recursos que est\u00e3o sendo distribu\u00eddos no programa\u00a0<strong>PEAC-Maquininhas<\/strong>, empr\u00e9stimo feito por meio das maquininhas de pagamento, com garantia os receb\u00edveis. <\/p>\n\n\n\n<p><br><br>Fonte: <a rel=\"noreferrer noopener\" aria-label=\"Estad\u00e3o (abre numa nova aba)\" href=\"https:\/\/economia.estadao.com.br\/noticias\/geral,pronampe-ganha-3-fase-turbinada-que-pode-liberar-mais-r-33-bilhoes-a-micro-e-pequenas-empresas,70003474014\" target=\"_blank\">Estad\u00e3o<\/a><\/p>\n","protected":false},"excerpt":{"rendered":"<p>Depois de j\u00e1 ter concedido R$ 32 bilh\u00f5es em cr\u00e9dito, pr\u00f3xima etapa ser\u00e1 aberta com o remanejamento de recursos de outro programa lan\u00e7ado no contexto da crise, o Programa Emergencial de Suporte a Empregos<\/p>\n","protected":false},"author":3,"featured_media":3150,"comment_status":"closed","ping_status":"closed","sticky":false,"template":"","format":"standard","meta":[],"categories":[2],"tags":[],"_links":{"self":[{"href":"https:\/\/www.confere.org.br\/wordpress\/wp-json\/wp\/v2\/posts\/3662"}],"collection":[{"href":"https:\/\/www.confere.org.br\/wordpress\/wp-json\/wp\/v2\/posts"}],"about":[{"href":"https:\/\/www.confere.org.br\/wordpress\/wp-json\/wp\/v2\/types\/post"}],"author":[{"embeddable":true,"href":"https:\/\/www.confere.org.br\/wordpress\/wp-json\/wp\/v2\/users\/3"}],"replies":[{"embeddable":true,"href":"https:\/\/www.confere.org.br\/wordpress\/wp-json\/wp\/v2\/comments?post=3662"}],"version-history":[{"count":1,"href":"https:\/\/www.confere.org.br\/wordpress\/wp-json\/wp\/v2\/posts\/3662\/revisions"}],"predecessor-version":[{"id":3663,"href":"https:\/\/www.confere.org.br\/wordpress\/wp-json\/wp\/v2\/posts\/3662\/revisions\/3663"}],"wp:featuredmedia":[{"embeddable":true,"href":"https:\/\/www.confere.org.br\/wordpress\/wp-json\/wp\/v2\/media\/3150"}],"wp:attachment":[{"href":"https:\/\/www.confere.org.br\/wordpress\/wp-json\/wp\/v2\/media?parent=3662"}],"wp:term":[{"taxonomy":"category","embeddable":true,"href":"https:\/\/www.confere.org.br\/wordpress\/wp-json\/wp\/v2\/categories?post=3662"},{"taxonomy":"post_tag","embeddable":true,"href":"https:\/\/www.confere.org.br\/wordpress\/wp-json\/wp\/v2\/tags?post=3662"}],"curies":[{"name":"wp","href":"https:\/\/api.w.org\/{rel}","templated":true}]}}