{"id":3670,"date":"2020-10-15T10:25:02","date_gmt":"2020-10-15T13:25:02","guid":{"rendered":"https:\/\/www.confere.org.br\/wordpress\/?p=3670"},"modified":"2020-10-15T10:25:02","modified_gmt":"2020-10-15T13:25:02","slug":"producao-de-motocicletas-aumenta-131-em-setembro","status":"publish","type":"post","link":"https:\/\/www.confere.org.br\/wordpress\/producao-de-motocicletas-aumenta-131-em-setembro\/","title":{"rendered":"Produ\u00e7\u00e3o de motocicletas aumenta 13,1% em setembro"},"content":{"rendered":"\n<p>A produ\u00e7\u00e3o&nbsp;de motocicletas registrou alta de 13,1% na produ\u00e7\u00e3o em setembro, na compara\u00e7\u00e3o com o mesmo m\u00eas do ano passado, segundo balan\u00e7o divulgado hoje (14) pela Associa\u00e7\u00e3o Brasileira dos Fabricantes de Motocicletas, Ciclomotores, Motonetas, Bicicletas e Similares (Abraciclo). Foram montadas em setembro 105 mil motocicletas, o melhor resultado do ano at\u00e9 agora.<\/p>\n\n\n\n<p>No acumulado do ano, a fabrica\u00e7\u00e3o de motocicletas caiu 17,1%, com a fabrica\u00e7\u00e3o de 693,5 mil unidades, contra 836,4 mil de janeiro a setembro de 2019.<\/p>\n\n\n\n<p>Segundo o presidente da Abraciclo, Marcos Fermanian, a produ\u00e7\u00e3o foi muito impactada no auge da pandemia do novo coronav\u00edrus, mas as f\u00e1bricas t\u00eam conseguido recuperar parte das perdas nos \u00faltimos meses. \u201cDesde a retomada gradual das atividades, as f\u00e1bricas registram curva ascendente. Esse quadro se confirmou em setembro, quando alcan\u00e7amos o melhor resultado do ano\u201d, disse Fermanian.<\/p>\n\n\n\n<p>As exporta\u00e7\u00f5es acumulam queda de 18,8% de janeiro a setembro em compara\u00e7\u00e3o com o mesmo per\u00edodo do ano passado. De janeiro a setembro, foram vendidas para o exterior 23,6 mil unidades. A Argentina \u00e9 o principal destino da produ\u00e7\u00e3o brasileira exportada, com 7,2 mil unidades. Em seguida v\u00eam a Col\u00f4mbia (4,5 mil unidades) e os Estados Unidos (4,3 mil unidades).<\/p>\n\n\n\n<p>Para este ano, a estimativa da Abraciclo \u00e9 que sejam produzidas 937 mil motocicletas, uma retra\u00e7\u00e3o de 15,4% em rela\u00e7\u00e3o ao total fabricado em 2019.<\/p>\n\n\n\n<p><br><br>Fonte: <a rel=\"noreferrer noopener\" aria-label=\"Ag\u00eancia Brasil (abre numa nova aba)\" href=\"https:\/\/agenciabrasil.ebc.com.br\/economia\/noticia\/2020-10\/producao-de-motocicletas-aumenta-131-em-setembro\" target=\"_blank\">Ag\u00eancia Brasil<\/a><\/p>\n","protected":false},"excerpt":{"rendered":"<p>Resultado do m\u00eas passado foi o melhor do ano at\u00e9 agora<\/p>\n","protected":false},"author":3,"featured_media":3671,"comment_status":"closed","ping_status":"closed","sticky":false,"template":"","format":"standard","meta":[],"categories":[2],"tags":[],"_links":{"self":[{"href":"https:\/\/www.confere.org.br\/wordpress\/wp-json\/wp\/v2\/posts\/3670"}],"collection":[{"href":"https:\/\/www.confere.org.br\/wordpress\/wp-json\/wp\/v2\/posts"}],"about":[{"href":"https:\/\/www.confere.org.br\/wordpress\/wp-json\/wp\/v2\/types\/post"}],"author":[{"embeddable":true,"href":"https:\/\/www.confere.org.br\/wordpress\/wp-json\/wp\/v2\/users\/3"}],"replies":[{"embeddable":true,"href":"https:\/\/www.confere.org.br\/wordpress\/wp-json\/wp\/v2\/comments?post=3670"}],"version-history":[{"count":1,"href":"https:\/\/www.confere.org.br\/wordpress\/wp-json\/wp\/v2\/posts\/3670\/revisions"}],"predecessor-version":[{"id":3672,"href":"https:\/\/www.confere.org.br\/wordpress\/wp-json\/wp\/v2\/posts\/3670\/revisions\/3672"}],"wp:featuredmedia":[{"embeddable":true,"href":"https:\/\/www.confere.org.br\/wordpress\/wp-json\/wp\/v2\/media\/3671"}],"wp:attachment":[{"href":"https:\/\/www.confere.org.br\/wordpress\/wp-json\/wp\/v2\/media?parent=3670"}],"wp:term":[{"taxonomy":"category","embeddable":true,"href":"https:\/\/www.confere.org.br\/wordpress\/wp-json\/wp\/v2\/categories?post=3670"},{"taxonomy":"post_tag","embeddable":true,"href":"https:\/\/www.confere.org.br\/wordpress\/wp-json\/wp\/v2\/tags?post=3670"}],"curies":[{"name":"wp","href":"https:\/\/api.w.org\/{rel}","templated":true}]}}