{"id":3676,"date":"2020-10-19T10:11:59","date_gmt":"2020-10-19T12:11:59","guid":{"rendered":"https:\/\/www.confere.org.br\/wordpress\/?p=3676"},"modified":"2020-10-19T10:11:59","modified_gmt":"2020-10-19T12:11:59","slug":"efeito-pandemia-acelera-abertura-de-empresas-por-microempreendedores","status":"publish","type":"post","link":"https:\/\/www.confere.org.br\/wordpress\/efeito-pandemia-acelera-abertura-de-empresas-por-microempreendedores\/","title":{"rendered":"Efeito pandemia acelera abertura de empresas por microempreendedores"},"content":{"rendered":"\n<p>A abertura de novas empresas, em especial os chamados&nbsp;<strong><a href=\"https:\/\/tudo-sobre.estadao.com.br\/mei-microempreendedor-individual\">MEIs<\/a><\/strong>, de microempreendedores individuais, deu um salto maior durante a&nbsp;<strong><a href=\"https:\/\/tudo-sobre.estadao.com.br\/coronavirus\">pandemia do coronav\u00edrus<\/a><\/strong>. Pessoas que perderam o emprego ou tiveram sal\u00e1rios reduzidos viram na cria\u00e7\u00e3o de um neg\u00f3cio pr\u00f3prio a alternativa para obter renda extra. Com a redu\u00e7\u00e3o ou o fim do pagamento da ajuda emergencial do governo, \u00e9 poss\u00edvel que esse movimento siga em crescimento.<\/p>\n\n\n\n<p>Dados do Mapa de Empresas, do\u00a0<strong><a href=\"https:\/\/tudo-sobre.estadao.com.br\/ministerio-da-economia\">Minist\u00e9rio da Economia<\/a><\/strong>, mostram que no segundo quadrimestre houve um saldo de 782,6 mil novas empresas, resultado da abertura de 1,114 milh\u00e3o de CNPJs e de baixas de 331,5 mil. O n\u00famero de aberturas, a maioria\u00a0<strong>MEI<\/strong>, \u00e9 o maior para o per\u00edodo desde 2010 e 2% superior ao do ano passado. J\u00e1 o encerramento de atividades \u00e9 o menor em quatro anos e tamb\u00e9m 17% abaixo do verificado no mesmo per\u00edodo de 2019.<\/p>\n\n\n\n<p>Entre os novos microempreendedores, est\u00e1 B\u00e1rbara Camilo, de 31 anos, demitida em mar\u00e7o ap\u00f3s oito anos numa empresa de Belo Horizonte (MG). Junto com um casal de amigos que tamb\u00e9m ficou desempregado, ela abriu um&nbsp;<strong>MEI&nbsp;<\/strong>e, em junho, criou a Z\u00e9 Donut. Eles come\u00e7aram a produzir rosquinhas na pr\u00f3pria casa, mas a clientela cresceu rapidamente e B\u00e1rbara decidiu alugar uma loja com mais equipamentos e espa\u00e7o.<\/p>\n\n\n\n<p>O casal preferiu n\u00e3o ir adiante e ela convidou o marido, que ficou desempregado um m\u00eas depois dela, e uma prima para se juntarem ao neg\u00f3cio. \u201cInauguramos a loja h\u00e1 15 dias e j\u00e1 pensamos em ampliar, abrir espa\u00e7o com mesas para que o cliente possa comer os donuts aqui e tomar um caf\u00e9\u201d, diz ela.<\/p>\n\n\n\n<p>O economista do Ibre\/FGV Rodolpho Tobler afirma que o aumento de novas pequenas empresas j\u00e1 vinha ocorrendo nos \u00faltimos anos, mas teve impulso na pandemia. \u201cAs pessoas precisaram se reinventar, seja porque perderam o emprego ou precisam de renda extra.\u201d Segundo ele, houve um processo de desburocratiza\u00e7\u00e3o para a abertura de empresas e, no caso do MEI, h\u00e1 benef\u00edcios para atrair a formaliza\u00e7\u00e3o de pequenos neg\u00f3cios, como cobertura previdenci\u00e1ria do&nbsp;<strong><a href=\"https:\/\/tudo-sobre.estadao.com.br\/inss-instituto-nacional-do-seguro-social\">INSS<\/a><\/strong>&nbsp;(aposentadoria por idade, aux\u00edlio-doen\u00e7a e sal\u00e1rio-maternidade), ao custo de 5% do valor do sal\u00e1rio m\u00ednimo.<\/p>\n\n\n\n<p>Al\u00e9m disso, h\u00e1 incentivos estaduais. S\u00e3o Paulo, por exemplo, deu isen\u00e7\u00e3o de taxa de abertura de MEI por dois meses (at\u00e9 o pr\u00f3ximo dia 25) e empresas de planos de sa\u00fade d\u00e3o descontos para essa categoria.<\/p>\n\n\n\n<p>\u201cCom o aux\u00edlio emergencial caindo pela metade e a sinaliza\u00e7\u00e3o do governo de que pode acabar, as pessoas ficam cada vez mais com o or\u00e7amento apertado e come\u00e7am a buscar novas fontes, e h\u00e1 uma prote\u00e7\u00e3o social com o MEI, mesmo que menor em rela\u00e7\u00e3o a um trabalho com carteira assinada\u201d, diz Tobler, que tamb\u00e9m v\u00ea no movimento de alta a retomada da economia, mesmo que lentamente.<\/p>\n\n\n\n<h4><br>Marketplace<\/h4>\n\n\n\n<p>O presidente do Sebrae, Carlos Melles, lembra tamb\u00e9m da parceria da entidade com o&nbsp;<strong><a href=\"https:\/\/tudo-sobre.estadao.com.br\/magazine-luiza\">Magazine Luiza<\/a><\/strong>, que permite aos empreendedores oferecerem seus produtos no&nbsp;<strong><a href=\"https:\/\/tudo-sobre.estadao.com.br\/marketplace\">marketplace<\/a><\/strong>&nbsp;da rede. Segundo o&nbsp;<strong>Magalu<\/strong>, a iniciativa j\u00e1 atraiu cerca de 7 mil participantes, 60% deles MEIs, que venderam no \u00faltimo trimestre R$ 1,8 bilh\u00e3o. O&nbsp;<strong><a href=\"https:\/\/tudo-sobre.estadao.com.br\/sebrae\">Sebrae<\/a><\/strong>&nbsp;tamb\u00e9m avalia parcerias semelhantes com as Lojas Americas e o Mercado Livre, al\u00e9m de ter projeto para um marketplace pr\u00f3prio.<\/p>\n\n\n\n<p>Melles, por\u00e9m, teme por uma alta significativa na extin\u00e7\u00e3o de empresas pela&nbsp;<strong><a href=\"https:\/\/tudo-sobre.estadao.com.br\/receita-federal\">Receita Federal<\/a><\/strong>&nbsp;ainda este ano em raz\u00e3o de inadimpl\u00eancia. O Sebrae tenta negociar uma \u201cmorat\u00f3ria\u201d das d\u00edvidas at\u00e9 o pr\u00f3ximo ano.<\/p>\n\n\n\n<p>O Pa\u00eds fechou o segundo quadrimestre com 19,289 milh\u00f5es de empresas ativas, sendo 90% de pequeno porte e MEIs. Em setembro, houve novo saldo positivo de 252,8 mil empresas.<\/p>\n\n\n\n<p>O crescente n\u00famero de microempreendedores tamb\u00e9m impulsiona outras empresas. A Compufour, de Conc\u00f3rdia (SC), oferece cursos e softwares de gest\u00e3o e, em maio, criou o ClippMei, ferramenta espec\u00edfica para gerenciamento de MEI. O presidente da empresa, Wagner M\u00fcller, conta que atraiu 1,2 mil clientes at\u00e9 agora, al\u00e9m de registrar alta de 10% na clientela de micro e pequenas empresas.<\/p>\n\n\n\n<h4><br>\u2018N\u00e3o volto mais a trabalhar em banco\u2019<\/h4>\n\n\n\n<p>Banc\u00e1ria por 19 anos, Kellen Chagas teve o sal\u00e1rio reduzido no in\u00edcio da pandemia com o corte das gratifica\u00e7\u00f5es. O marido, o personal trainer Felipe Augusto, perdeu alunos e tamb\u00e9m viu o rendimento despencar. Para tentar garantir uma renda extra, decidiram vender risotos e t\u00e1buas de queijo, pratos que eles costumavam preparar e sempre eram elogiados por amigos.<\/p>\n\n\n\n<p>\u201cNo come\u00e7o, vend\u00edamos de tr\u00eas a quatro pratos por dia, mas logo passamos para 12 a 15\u201d, conta Kellen. O casal de Goi\u00e2nia (GO), que prepara os alimentos em casa, abriu a empresa Ador\u00ea Comedoria. H\u00e1 um m\u00eas, Kellen pediu demiss\u00e3o do banco para se dedicar ao neg\u00f3cio e foi convidada por um amigo para outro projeto, de transformar uma distribuidora de bebidas em gastrobar, local que serve bebidas, petiscos e t\u00e1bua de frios.<\/p>\n\n\n\n<p>\u201cO bar foi inaugurado no dia 6 deste m\u00eas e tivemos, inclusive, de dar uma parada no Ador\u00ea, mas at\u00e9 o fim do ano vamos abrir um local f\u00edsico para ele tamb\u00e9m\u201d, informa Kellen, que diz j\u00e1 estar tendo retorno financeiro com os neg\u00f3cios.<\/p>\n\n\n\n<p>\u201cO bar tem bom movimento e at\u00e9 teremos um show ao vivo, tudo muito controlado\u201d, afirma ela, que \u00e9 formada em Economia e tem 39 anos. \u201cN\u00e3o volto mais para o banco.\u201d<\/p>\n\n\n\n<h4><br>\u2018Meu sonho \u00e9 ampliar e poder empregar mais\u2019<\/h4>\n\n\n\n<p>A corrida pelo ambiente virtual provocada pela pandemia levou o estudante de 19 anos Jo\u00e3o C\u00e9sar Nogari a despertar o desejo de ser microempreendedor na \u00e1rea de design e marketing digital. Com as aulas suspensas na faculdade e sem interesse em seguir o curso online, ele trancou a matr\u00edcula do curso de Administra\u00e7\u00e3o, abriu uma\u00a0<strong>MEI<\/strong>\u00a0em agosto e passou a oferecer servi\u00e7os como cria\u00e7\u00e3o de sites, controle de rede social e identifica\u00e7\u00e3o visual.<\/p>\n\n\n\n<p>\u201cComecei fazendo para amigos, mas um foi falando para o outro e apareceram v\u00e1rios interessados\u201d, conta Nogari, que hoje tem 20 clientes para os quais oferece servi\u00e7os eventuais, e sete fixos. Com o trabalho, diz ele, ganha mais de um sal\u00e1rio m\u00ednimo por m\u00eas e, como mora com a m\u00e3e em Curitiba (PR), n\u00e3o tem tantos gastos. \u201cD\u00e1 para me manter, mas meu sonho \u00e9 me profissionalizar, ampliar a empresa e poder dar emprego a outras pessoas.\u201d <\/p>\n\n\n\n<p>Aos 21 anos, Larissa Mello contratou a primeira funcion\u00e1ria em sua loja Fashion Seasons em Bom Princ\u00edpio (RS). Ela abriu o MEI em mar\u00e7o para vender roupas pela internet e em sua casa. No \u00faltimo dia 10 abriu a loja f\u00edsica. \u201cCom CNPJ posso comprar de atacadistas\u201d, diz ela, que mant\u00e9m o emprego em uma empresa de jeans. <\/p>\n\n\n\n<p><br><br>Fonte: <a rel=\"noreferrer noopener\" aria-label=\"Estad\u00e3o (abre numa nova aba)\" href=\"https:\/\/economia.estadao.com.br\/noticias\/geral,efeito-pandemia-acelera-abertura-de-empresas-por-microempreendedores,70003479032\" target=\"_blank\">Estad\u00e3o<\/a><\/p>\n","protected":false},"excerpt":{"rendered":"<p>Movimento \u00e9 puxado por pessoas que perderam o emprego ou tiveram sal\u00e1rios reduzidos e viram na cria\u00e7\u00e3o de um neg\u00f3cio a chance para obter ou ampliar a renda.<\/p>\n","protected":false},"author":3,"featured_media":3677,"comment_status":"closed","ping_status":"closed","sticky":false,"template":"","format":"standard","meta":[],"categories":[2],"tags":[],"_links":{"self":[{"href":"https:\/\/www.confere.org.br\/wordpress\/wp-json\/wp\/v2\/posts\/3676"}],"collection":[{"href":"https:\/\/www.confere.org.br\/wordpress\/wp-json\/wp\/v2\/posts"}],"about":[{"href":"https:\/\/www.confere.org.br\/wordpress\/wp-json\/wp\/v2\/types\/post"}],"author":[{"embeddable":true,"href":"https:\/\/www.confere.org.br\/wordpress\/wp-json\/wp\/v2\/users\/3"}],"replies":[{"embeddable":true,"href":"https:\/\/www.confere.org.br\/wordpress\/wp-json\/wp\/v2\/comments?post=3676"}],"version-history":[{"count":1,"href":"https:\/\/www.confere.org.br\/wordpress\/wp-json\/wp\/v2\/posts\/3676\/revisions"}],"predecessor-version":[{"id":3678,"href":"https:\/\/www.confere.org.br\/wordpress\/wp-json\/wp\/v2\/posts\/3676\/revisions\/3678"}],"wp:featuredmedia":[{"embeddable":true,"href":"https:\/\/www.confere.org.br\/wordpress\/wp-json\/wp\/v2\/media\/3677"}],"wp:attachment":[{"href":"https:\/\/www.confere.org.br\/wordpress\/wp-json\/wp\/v2\/media?parent=3676"}],"wp:term":[{"taxonomy":"category","embeddable":true,"href":"https:\/\/www.confere.org.br\/wordpress\/wp-json\/wp\/v2\/categories?post=3676"},{"taxonomy":"post_tag","embeddable":true,"href":"https:\/\/www.confere.org.br\/wordpress\/wp-json\/wp\/v2\/tags?post=3676"}],"curies":[{"name":"wp","href":"https:\/\/api.w.org\/{rel}","templated":true}]}}