{"id":3691,"date":"2020-10-22T09:45:04","date_gmt":"2020-10-22T11:45:04","guid":{"rendered":"https:\/\/www.confere.org.br\/wordpress\/?p=3691"},"modified":"2020-10-22T09:45:04","modified_gmt":"2020-10-22T11:45:04","slug":"confianca-da-industria-atinge-maior-nivel-em-nove-anos","status":"publish","type":"post","link":"https:\/\/www.confere.org.br\/wordpress\/confianca-da-industria-atinge-maior-nivel-em-nove-anos\/","title":{"rendered":"Confian\u00e7a da ind\u00fastria atinge maior n\u00edvel em nove anos"},"content":{"rendered":"\n<p>O \u00cdndice de Confian\u00e7a da Ind\u00fastria brasileira teve uma alta de 4 pontos na pr\u00e9via de outubro, na compara\u00e7\u00e3o com o n\u00famero consolidado de setembro. Com isso, o indicador chegou a 110,7 pontos, o maior patamar desde abril de 2011 (111,6 pontos), segundo informou hoje (21), no Rio de Janeiro, a Funda\u00e7\u00e3o Getulio Vargas (FGV).<\/p>\n\n\n\n<p>A alta de setembro para a pr\u00e9via de outubro foi puxada principalmente pelo \u00cdndice da Situa\u00e7\u00e3o Atual, que mede a confian\u00e7a do empres\u00e1rio em rela\u00e7\u00e3o ao presente e que subiu 5,9 pontos, chegando a 113,2 pontos.<\/p>\n\n\n\n<p>O \u00cdndice de Expectativas, que mede a percep\u00e7\u00e3o dos empres\u00e1rios sobre o futuro, cresceu 2,2 pontos e atingiu 108,1 pontos.<\/p>\n\n\n\n<p>O N\u00edvel de Utiliza\u00e7\u00e3o da Capacidade Instalada da Ind\u00fastria (Nuci) subiu 1,7 ponto percentual e chegou a 79,9%, o maior desde novembro de 2014 (80,3%). O resultado consolidado de outubro ser\u00e1 divulgado pela FGV em 28 de outubro.<\/p>\n\n\n\n<p><br><br>Fonte: <a rel=\"noreferrer noopener\" aria-label=\"Agencia Brasil (abre numa nova aba)\" href=\"https:\/\/agenciabrasil.ebc.com.br\/economia\/noticia\/2020-10\/confianca-da-industria-atinge-maior-nivel-em-nove-anos\" target=\"_blank\">Agencia Brasil<\/a><\/p>\n","protected":false},"excerpt":{"rendered":"<p>\u00cdndice de Confian\u00e7a da Ind\u00fastria brasileira sobe 4 pontos<\/p>\n","protected":false},"author":3,"featured_media":3226,"comment_status":"closed","ping_status":"closed","sticky":false,"template":"","format":"standard","meta":[],"categories":[2],"tags":[],"_links":{"self":[{"href":"https:\/\/www.confere.org.br\/wordpress\/wp-json\/wp\/v2\/posts\/3691"}],"collection":[{"href":"https:\/\/www.confere.org.br\/wordpress\/wp-json\/wp\/v2\/posts"}],"about":[{"href":"https:\/\/www.confere.org.br\/wordpress\/wp-json\/wp\/v2\/types\/post"}],"author":[{"embeddable":true,"href":"https:\/\/www.confere.org.br\/wordpress\/wp-json\/wp\/v2\/users\/3"}],"replies":[{"embeddable":true,"href":"https:\/\/www.confere.org.br\/wordpress\/wp-json\/wp\/v2\/comments?post=3691"}],"version-history":[{"count":1,"href":"https:\/\/www.confere.org.br\/wordpress\/wp-json\/wp\/v2\/posts\/3691\/revisions"}],"predecessor-version":[{"id":3692,"href":"https:\/\/www.confere.org.br\/wordpress\/wp-json\/wp\/v2\/posts\/3691\/revisions\/3692"}],"wp:featuredmedia":[{"embeddable":true,"href":"https:\/\/www.confere.org.br\/wordpress\/wp-json\/wp\/v2\/media\/3226"}],"wp:attachment":[{"href":"https:\/\/www.confere.org.br\/wordpress\/wp-json\/wp\/v2\/media?parent=3691"}],"wp:term":[{"taxonomy":"category","embeddable":true,"href":"https:\/\/www.confere.org.br\/wordpress\/wp-json\/wp\/v2\/categories?post=3691"},{"taxonomy":"post_tag","embeddable":true,"href":"https:\/\/www.confere.org.br\/wordpress\/wp-json\/wp\/v2\/tags?post=3691"}],"curies":[{"name":"wp","href":"https:\/\/api.w.org\/{rel}","templated":true}]}}