{"id":3694,"date":"2020-10-22T11:22:57","date_gmt":"2020-10-22T13:22:57","guid":{"rendered":"https:\/\/www.confere.org.br\/wordpress\/?p=3694"},"modified":"2022-11-18T10:54:58","modified_gmt":"2022-11-18T13:54:58","slug":"2020-resolucao-no-1-171-2020","status":"publish","type":"post","link":"https:\/\/www.confere.org.br\/wordpress\/2020-resolucao-no-1-171-2020\/","title":{"rendered":"2020 &#8211; Resolu\u00e7\u00e3o n\u00ba 1.171\/2020"},"content":{"rendered":"\n<p>Disp\u00f5e sobre o protesto de Certid\u00f5es de D\u00edvida Ativa no \u00e2mbito do Sistema Confere\/Cores, revogando norma anterior. <\/p>\n\n\n\n<p><a href=\"https:\/\/www.confere.org.br\/wordpress\/wp-content\/uploads\/2020\/10\/Resolucao_Protesto_de_titulos_nova.pdf\" target=\"_blank\" rel=\"noreferrer noopener\" aria-label=\" (abre numa nova aba)\">https:\/\/www.confere.org.br\/wordpress\/wp-content\/uploads\/2020\/10\/Resolucao_Protesto_de_titulos_nova.pdf<\/a><\/p>\n","protected":false},"excerpt":{"rendered":"<p>1.171, Resolu\u00e7\u00e3o, https:\/\/www.confere.org.br\/wordpress\/wp-content\/uploads\/2020\/10\/Resolucao_Protesto_de_titulos_nova.pdf<\/p>\n","protected":false},"author":3,"featured_media":0,"comment_status":"closed","ping_status":"closed","sticky":false,"template":"","format":"standard","meta":[],"categories":[52],"tags":[],"_links":{"self":[{"href":"https:\/\/www.confere.org.br\/wordpress\/wp-json\/wp\/v2\/posts\/3694"}],"collection":[{"href":"https:\/\/www.confere.org.br\/wordpress\/wp-json\/wp\/v2\/posts"}],"about":[{"href":"https:\/\/www.confere.org.br\/wordpress\/wp-json\/wp\/v2\/types\/post"}],"author":[{"embeddable":true,"href":"https:\/\/www.confere.org.br\/wordpress\/wp-json\/wp\/v2\/users\/3"}],"replies":[{"embeddable":true,"href":"https:\/\/www.confere.org.br\/wordpress\/wp-json\/wp\/v2\/comments?post=3694"}],"version-history":[{"count":2,"href":"https:\/\/www.confere.org.br\/wordpress\/wp-json\/wp\/v2\/posts\/3694\/revisions"}],"predecessor-version":[{"id":3696,"href":"https:\/\/www.confere.org.br\/wordpress\/wp-json\/wp\/v2\/posts\/3694\/revisions\/3696"}],"wp:attachment":[{"href":"https:\/\/www.confere.org.br\/wordpress\/wp-json\/wp\/v2\/media?parent=3694"}],"wp:term":[{"taxonomy":"category","embeddable":true,"href":"https:\/\/www.confere.org.br\/wordpress\/wp-json\/wp\/v2\/categories?post=3694"},{"taxonomy":"post_tag","embeddable":true,"href":"https:\/\/www.confere.org.br\/wordpress\/wp-json\/wp\/v2\/tags?post=3694"}],"curies":[{"name":"wp","href":"https:\/\/api.w.org\/{rel}","templated":true}]}}