{"id":3709,"date":"2020-10-22T20:45:45","date_gmt":"2020-10-22T22:45:45","guid":{"rendered":"https:\/\/www.confere.org.br\/wordpress\/?p=3709"},"modified":"2025-05-16T11:27:06","modified_gmt":"2025-05-16T14:27:06","slug":"processo-de-licitacao-no-002-2020-contratacao-de-servicos-terceirizados-brasilia","status":"publish","type":"post","link":"https:\/\/www.confere.org.br\/wordpress\/processo-de-licitacao-no-002-2020-contratacao-de-servicos-terceirizados-brasilia\/","title":{"rendered":"Processo de Licita\u00e7\u00e3o n\u00ba 002\/2020 &#8211; Contrata\u00e7\u00e3o de Servi\u00e7os Terceirizados &#8211; Bras\u00edlia"},"content":{"rendered":"\n<p>Escolha da proposta mais vantajosa para a contrata\u00e7\u00e3o de servi\u00e7os cont\u00ednuos com fornecimento de m\u00e3o de obra exclusiva e uniformes, para os seguintes postos de trabalho: auxiliar de servi\u00e7os  gerais (limpeza e conserva\u00e7\u00e3o) e auxiliar administrativo, conforme condi\u00e7\u00f5es, quantidades e exig\u00eancias estabelecidas neste Edital e seus anexos. <\/p>\n\n\n\n<p> <a rel=\"noreferrer noopener\" aria-label=\"https:\/\/www.confere.org.br\/wordpress\/wp-content\/uploads\/2020\/10\/EDITAL-TIMBRADO.pdf (abre numa nova aba)\" href=\"https:\/\/www.confere.org.br\/wordpress\/wp-content\/uploads\/2020\/10\/EDITAL-TIMBRADO.pdf\" target=\"_blank\">Edital<\/a><\/p>\n\n\n\n<p><a rel=\"noreferrer noopener\" aria-label=\"Anexo I (abre numa nova aba)\" href=\"https:\/\/www.confere.org.br\/wordpress\/wp-content\/uploads\/2020\/10\/ANEXO-I-TERMO-DE-REFERENCIA-TERCEIRIZACAO-BRASILIA.pdf\" target=\"_blank\">Anexo I &#8211; Termo de refer\u00eancia &#8211; Terceiriza\u00e7\u00e3o Bras\u00edlia<\/a><\/p>\n\n\n\n<p><a rel=\"noreferrer noopener\" aria-label=\"Anexo II (abre numa nova aba)\" href=\"https:\/\/www.confere.org.br\/wordpress\/wp-content\/uploads\/2020\/10\/ANEXO-II-Minuta-de-contrato.pdf\" target=\"_blank\">Anexo II &#8211; Minuta de contrato<\/a> <\/p>\n\n\n\n<p><a rel=\"noreferrer noopener\" aria-label=\"Anexo III - (abre numa nova aba)\" href=\"https:\/\/www.confere.org.br\/wordpress\/wp-content\/uploads\/2020\/10\/ANEXO-III-Termo-de-conciliacao-MPT-e-Uniao.pdf\" target=\"_blank\">Anexo III &#8211; Termo de concilia\u00e7\u00e3o MPT e Uni\u00e3o<\/a> <\/p>\n\n\n\n<p><a rel=\"noreferrer noopener\" aria-label=\"Anexo IV -  (abre numa nova aba)\" href=\"https:\/\/www.confere.org.br\/wordpress\/wp-content\/uploads\/2020\/10\/ANEXO-IV-Modelo-de-apresentacao-de-proposta.pdf\" target=\"_blank\">Anexo IV &#8211; Modelo de apresenta\u00e7\u00e3o de proposta<\/a><a rel=\"noreferrer noopener\" aria-label=\"Anexo IV -  (abre numa nova aba)\" href=\"https:\/\/www.confere.org.br\/wordpress\/wp-content\/uploads\/2020\/10\/ANEXO-IV-Modelo-de-apresentacao-de-proposta.pdf\" target=\"_blank\"> <\/a><\/p>\n\n\n\n<p><a rel=\"noreferrer noopener\" aria-label=\"Anexo V -  (abre numa nova aba)\" href=\"https:\/\/www.confere.org.br\/wordpress\/wp-content\/uploads\/2020\/10\/ANEXO-V-MODELO-DE-DECLARACAO-DE-INSTAL-MANUT-ESCRITORIO.pdf\" target=\"_blank\">Anexo V &#8211; Modelo de declara\u00e7\u00e3o de instala\u00e7\u00e3o e manuten\u00e7\u00e3o de escrit\u00f3rio<\/a><\/p>\n\n\n\n<p><a rel=\"noreferrer noopener\" aria-label=\"Anexo VI - (abre numa nova aba)\" href=\"https:\/\/www.confere.org.br\/wordpress\/wp-content\/uploads\/2020\/10\/ANEXO-VI-Modelo-de-autorizacao-para-a-utilizacao-da-garantia-e-de-pagamento-direto.pdf\" target=\"_blank\">Anexo VI &#8211; Modelo de autoriza\u00e7\u00e3o para a utiliza\u00e7\u00e3o da garantia e de pagamento direto<\/a><\/p>\n\n\n\n<p><a rel=\"noreferrer noopener\" aria-label=\"Anexo VII - (abre numa nova aba)\" href=\"https:\/\/www.confere.org.br\/wordpress\/wp-content\/uploads\/2020\/10\/Anexo-VII-Modelo-de-Termo-de-Vistoria-e-Declaracao-de-Dispensa-de-vistoria.pdf\" target=\"_blank\">Anexo VII &#8211; Modelo de termo de vistoria e declara\u00e7\u00e3o de dispensa de vistoria<\/a><\/p>\n\n\n\n<p><a rel=\"noreferrer noopener\" aria-label=\"Anexo VIII - (abre numa nova aba)\" href=\"https:\/\/www.confere.org.br\/wordpress\/wp-content\/uploads\/2020\/10\/ANEXO-VIII-Contratos-Firmados.pdf\" target=\"_blank\">Anexo VIII &#8211; Contratos Firmados<\/a><\/p>\n\n\n\n<p><a rel=\"noreferrer noopener\" aria-label=\"Anexo IX - (abre numa nova aba)\" href=\"https:\/\/www.confere.org.br\/wordpress\/wp-content\/uploads\/2020\/10\/ANEXO-IX-Convencao-Coletiva-2020.pdf\" target=\"_blank\">Anexo IX &#8211; Conven\u00e7\u00e3o Coletiva 2020<\/a><\/p>\n\n\n\n<p><a href=\"https:\/\/www.confere.org.br\/wordpress\/wp-content\/uploads\/2021\/01\/TERMO-DE-ADJUDICACAO-TERCEIRIZACAO-BRASILIA.pdf\" target=\"_blank\" rel=\"noreferrer noopener\">Termo de adjudica\u00e7\u00e3o<\/a><\/p>\n\n\n\n<p><a rel=\"noreferrer noopener\" href=\"https:\/\/www.confere.org.br\/wordpress\/wp-content\/uploads\/2021\/01\/TERMO-DE-HOMOLOGACAO-TERCEIRIZACAO-BRASILIA.pdf\" target=\"_blank\">Termo de homologa\u00e7\u00e3o<\/a><\/p>\n\n\n\n<p><a rel=\"noreferrer noopener\" href=\"https:\/\/www.confere.org.br\/wordpress\/wp-content\/uploads\/2022\/05\/Extrato-publicacao-Apostilamento-Andracon-DOU.pdf\" target=\"_blank\">Extrato de Publica\u00e7\u00e3o &#8211; Apostilamento Andracon &#8211; DOU<\/a><\/p>\n\n\n\n<p><a href=\"https:\/\/www.confere.org.br\/wordpress\/wp-content\/uploads\/2025\/05\/Apostilamento_Andracon_-Assinado-final_tarjado.pdf\" data-type=\"URL\" data-id=\"https:\/\/www.confere.org.br\/wordpress\/wp-content\/uploads\/2025\/05\/Apostilamento_Andracon_-Assinado-final_tarjado.pdf\">5\u00ba Apostilamento para Repactua\u00e7\u00e3o do Contrato de Presta\u00e7\u00e3o de Servi\u00e7os de Terceiriza\u00e7\u00e3o de M\u00e3o de Obra<\/a><\/p>\n","protected":false},"excerpt":{"rendered":"<p>Escolha da proposta mais vantajosa para a contrata\u00e7\u00e3o de servi\u00e7os cont\u00ednuos com fornecimento de m\u00e3o de obra exclusiva e uniformes, para os seguintes postos de trabalho: auxiliar de servi\u00e7os gerais (limpeza e conserva\u00e7\u00e3o) e auxiliar administrativo, conforme condi\u00e7\u00f5es, quantidades e exig\u00eancias estabelecidas neste Edital e seus anexos. Edital Anexo I &#8211; Termo de refer\u00eancia &#8211; &hellip; <\/p>\n<p class=\"link-more\"><a href=\"https:\/\/www.confere.org.br\/wordpress\/processo-de-licitacao-no-002-2020-contratacao-de-servicos-terceirizados-brasilia\/\" class=\"more-link\">Continue lendo<span class=\"screen-reader-text\"> &#8220;Processo de Licita\u00e7\u00e3o n\u00ba 002\/2020 &#8211; Contrata\u00e7\u00e3o de Servi\u00e7os Terceirizados &#8211; Bras\u00edlia&#8221;<\/span><\/a><\/p>\n","protected":false},"author":3,"featured_media":0,"comment_status":"closed","ping_status":"closed","sticky":false,"template":"","format":"standard","meta":[],"categories":[32],"tags":[],"_links":{"self":[{"href":"https:\/\/www.confere.org.br\/wordpress\/wp-json\/wp\/v2\/posts\/3709"}],"collection":[{"href":"https:\/\/www.confere.org.br\/wordpress\/wp-json\/wp\/v2\/posts"}],"about":[{"href":"https:\/\/www.confere.org.br\/wordpress\/wp-json\/wp\/v2\/types\/post"}],"author":[{"embeddable":true,"href":"https:\/\/www.confere.org.br\/wordpress\/wp-json\/wp\/v2\/users\/3"}],"replies":[{"embeddable":true,"href":"https:\/\/www.confere.org.br\/wordpress\/wp-json\/wp\/v2\/comments?post=3709"}],"version-history":[{"count":6,"href":"https:\/\/www.confere.org.br\/wordpress\/wp-json\/wp\/v2\/posts\/3709\/revisions"}],"predecessor-version":[{"id":16055,"href":"https:\/\/www.confere.org.br\/wordpress\/wp-json\/wp\/v2\/posts\/3709\/revisions\/16055"}],"wp:attachment":[{"href":"https:\/\/www.confere.org.br\/wordpress\/wp-json\/wp\/v2\/media?parent=3709"}],"wp:term":[{"taxonomy":"category","embeddable":true,"href":"https:\/\/www.confere.org.br\/wordpress\/wp-json\/wp\/v2\/categories?post=3709"},{"taxonomy":"post_tag","embeddable":true,"href":"https:\/\/www.confere.org.br\/wordpress\/wp-json\/wp\/v2\/tags?post=3709"}],"curies":[{"name":"wp","href":"https:\/\/api.w.org\/{rel}","templated":true}]}}