{"id":3712,"date":"2020-10-23T09:22:26","date_gmt":"2020-10-23T11:22:26","guid":{"rendered":"https:\/\/www.confere.org.br\/wordpress\/?p=3712"},"modified":"2020-10-23T09:22:26","modified_gmt":"2020-10-23T11:22:26","slug":"confianca-do-comercio-volta-ao-patamar-de-otimismo-apos-6-meses","status":"publish","type":"post","link":"https:\/\/www.confere.org.br\/wordpress\/confianca-do-comercio-volta-ao-patamar-de-otimismo-apos-6-meses\/","title":{"rendered":"Confian\u00e7a do com\u00e9rcio volta ao patamar de otimismo ap\u00f3s 6 meses"},"content":{"rendered":"\n<p>O \u00cdndice de Confian\u00e7a do Empres\u00e1rio do Com\u00e9rcio (Icec), medido pela Confedera\u00e7\u00e3o Nacional do Com\u00e9rcio de Bens, Servi\u00e7os e Turismo (CNC), cresceu 10,5% em outubro e alcan\u00e7ou 103,1 pontos, voltando ao patamar de otimismo (acima de 100 pontos) ap\u00f3s seis meses.<\/p>\n\n\n\n<p>No comparativo anual, no entanto, houve queda de 15,1%. Segundo a CNC, a quarta alta mensal consecutiva ajudou o indicador a recuperar um total de 36,5 pontos desde junho, quando registrou a pior pontua\u00e7\u00e3o da s\u00e9rie.<\/p>\n\n\n\n<p>O presidente da CNC, Jos\u00e9 Roberto Tadros, destacou a percep\u00e7\u00e3o cada vez mais otimista dos comerciantes, principalmente com a proximidade das festas de fim de ano. \u201cMesmo no contexto de pandemia, as perspectivas s\u00e3o de melhor desempenho do varejo no \u00faltimo trimestre, que ser\u00e1 favorecido pelo aumento do faturamento com datas como a Black Friday e o Natal\u201d, afirmou Tadros, em nota.<\/p>\n\n\n\n<p>Os principais sub\u00edndices do Icec registraram crescimento, com destaque para o referente \u00e0 satisfa\u00e7\u00e3o dos comerciantes com as condi\u00e7\u00f5es atuais (+27,9%), que chegou a 71,9 pontos \u2013 o terceiro avan\u00e7o seguido do item, ap\u00f3s cinco meses de quedas intensas. O indicador, contudo, ainda est\u00e1 25,4% atr\u00e1s do n\u00edvel verificado em outubro de 2019.<\/p>\n\n\n\n<p>Em rela\u00e7\u00e3o \u00e0 economia, os empres\u00e1rios do com\u00e9rcio se mostraram 37,7% mais satisfeitos do que em setembro. A economista da CNC respons\u00e1vel pela pesquisa, Izis Ferreira, ressaltou que esta foi a terceira alta consecutiva do indicador, que atingiu 57 pontos, ap\u00f3s queda de mais de 90 pontos desde o in\u00edcio da pandemia (entre mar\u00e7o e julho).<\/p>\n\n\n\n<p>\u201cA percep\u00e7\u00e3o menos pessimista quanto ao n\u00edvel atual de atividade econ\u00f4mica pode ser explicada pelos resultados recentes dos indicadores de atividade, que v\u00eam apresentando dinamismo nos \u00faltimos meses, como o \u00cdndice de Atividade Econ\u00f4mica do Banco Central (IBC-Br), que cresceu pela quarta vez seguida em agosto\u201d, afirmou a economista.<\/p>\n\n\n\n<p>Segundo a pesquisa, o indicador que avalia as expectativas para o curto prazo \u2013 o \u00fanico acima dos 100 pontos \u2013 avan\u00e7ou pela quarta vez seguida (+4,9%), alcan\u00e7ando 147,7 pontos e indicando que os comerciantes est\u00e3o otimistas em rela\u00e7\u00e3o \u00e0 economia (+6,3%) e ao desempenho do com\u00e9rcio (+4,7%) e da pr\u00f3pria empresa (+3,8%).<\/p>\n\n\n\n<h4><br>Inten\u00e7\u00e3o de contratar<\/h4>\n\n\n\n<p>O \u00edndice que mede as inten\u00e7\u00f5es de investimento acumulou o terceiro aumento mensal consecutivo (+8,2%). O resultado positivo do indicador, que atingiu 89,7 pontos, foi puxado pelo aumento da inten\u00e7\u00e3o de contrata\u00e7\u00e3o de funcion\u00e1rios, que retornou ao patamar positivo (acima de 100 pontos), subindo a 117,1 pontos ap\u00f3s crescimento mensal de 14,2%.<\/p>\n\n\n\n<p>Izis Ferreira chamou a aten\u00e7\u00e3o para o fato de que este \u00e9 o maior n\u00edvel do item em cinco meses. \u201cA propor\u00e7\u00e3o de empres\u00e1rios do varejo que afirmaram ter pretens\u00e3o de aumentar o quadro de funcion\u00e1rios cresceu novamente este m\u00eas, passando de 50,6%, em setembro, para 65%, em outubro\u201d, indicou.<\/p>\n\n\n\n<p>De acordo com a economista da CNC, todos os componentes da pesquisa parecem seguir a chamada retomada em V ou U, com exce\u00e7\u00e3o do indicador dos estoques. O \u00edndice foi o \u00fanico a registrar queda mensal (-1%) em outubro.<\/p>\n\n\n\n<p>\u201cIsso pode indicar que o comerciante enfrenta algumas dificuldades conjunturais para a renova\u00e7\u00e3o dos estoques, seja por press\u00e3o de custos, com pre\u00e7os em geral e c\u00e2mbio, ou por algum desequil\u00edbrio de oferta e demanda, esta em fun\u00e7\u00e3o de mudan\u00e7as tempor\u00e1rias do comportamento dos consumidores\u201d, afirmou Izis.<\/p>\n\n\n\n<p><br><br>Fonte: <a rel=\"noreferrer noopener\" aria-label=\"Agencia Brasil (abre numa nova aba)\" href=\"https:\/\/agenciabrasil.ebc.com.br\/economia\/noticia\/2020-10\/confianca-do-comercio-volta-ao-patamar-de-otimismo-apos-6-meses\" target=\"_blank\">Agencia Brasil<\/a><\/p>\n","protected":false},"excerpt":{"rendered":"<p>No comparativo anual, a queda foi de 15,1%<\/p>\n","protected":false},"author":3,"featured_media":3529,"comment_status":"closed","ping_status":"closed","sticky":false,"template":"","format":"standard","meta":[],"categories":[2],"tags":[],"_links":{"self":[{"href":"https:\/\/www.confere.org.br\/wordpress\/wp-json\/wp\/v2\/posts\/3712"}],"collection":[{"href":"https:\/\/www.confere.org.br\/wordpress\/wp-json\/wp\/v2\/posts"}],"about":[{"href":"https:\/\/www.confere.org.br\/wordpress\/wp-json\/wp\/v2\/types\/post"}],"author":[{"embeddable":true,"href":"https:\/\/www.confere.org.br\/wordpress\/wp-json\/wp\/v2\/users\/3"}],"replies":[{"embeddable":true,"href":"https:\/\/www.confere.org.br\/wordpress\/wp-json\/wp\/v2\/comments?post=3712"}],"version-history":[{"count":1,"href":"https:\/\/www.confere.org.br\/wordpress\/wp-json\/wp\/v2\/posts\/3712\/revisions"}],"predecessor-version":[{"id":3713,"href":"https:\/\/www.confere.org.br\/wordpress\/wp-json\/wp\/v2\/posts\/3712\/revisions\/3713"}],"wp:featuredmedia":[{"embeddable":true,"href":"https:\/\/www.confere.org.br\/wordpress\/wp-json\/wp\/v2\/media\/3529"}],"wp:attachment":[{"href":"https:\/\/www.confere.org.br\/wordpress\/wp-json\/wp\/v2\/media?parent=3712"}],"wp:term":[{"taxonomy":"category","embeddable":true,"href":"https:\/\/www.confere.org.br\/wordpress\/wp-json\/wp\/v2\/categories?post=3712"},{"taxonomy":"post_tag","embeddable":true,"href":"https:\/\/www.confere.org.br\/wordpress\/wp-json\/wp\/v2\/tags?post=3712"}],"curies":[{"name":"wp","href":"https:\/\/api.w.org\/{rel}","templated":true}]}}