{"id":3714,"date":"2020-10-26T15:21:48","date_gmt":"2020-10-26T17:21:48","guid":{"rendered":"https:\/\/www.confere.org.br\/wordpress\/?p=3714"},"modified":"2020-10-26T15:21:49","modified_gmt":"2020-10-26T17:21:49","slug":"bc-volume-total-de-credito-bancario-sobe-em-setembro-e-juro-medio-recua","status":"publish","type":"post","link":"https:\/\/www.confere.org.br\/wordpress\/bc-volume-total-de-credito-bancario-sobe-em-setembro-e-juro-medio-recua\/","title":{"rendered":"BC: volume total de cr\u00e9dito banc\u00e1rio sobe em setembro e juro m\u00e9dio recua"},"content":{"rendered":"\n<p>O volume total do&nbsp;cr\u00e9dito ofertado pelos bancos cresceu 1,9% em setembro, para R$ 3,809 trilh\u00f5es, segundo n\u00fameros divulgados nesta segunda-feira (26) pelo&nbsp;<a href=\"https:\/\/g1.globo.com\/tudo-sobre\/banco-central-do-brasil\/\">Banco Central<\/a>.<\/p>\n\n\n\n<p>Em setembro, de acordo com o BC, houve aumento de 2,6% no volume total de cr\u00e9dito para as empresas, com saldo atingindo R$ 1,688 trilh\u00e3o. A alta foi de 1,4% nas opera\u00e7\u00f5es para pessoas f\u00edsicas com o estoque somando R$ 2,121 trilh\u00f5es no fim do m\u00eas.<\/p>\n\n\n\n<p>Em doze meses, o crescimento do volume total do cr\u00e9dito banc\u00e1rio acelerou de 12,2% para 13,1%. A alta foi estimulada pelas opera\u00e7\u00f5es com empresas, cuja expans\u00e3o subiu de 16,6% para 18,3%, e tamb\u00e9m nas opera\u00e7\u00f5es com pessoas f\u00edsicas, que registraram aumento do crescimento de 8,9% para 9,3%.<\/p>\n\n\n\n<p>O chefe-adjunto do Departamento de Estat\u00edsticas do BC, Renato Baldini, avaliou que o quadro geral \u00e9 &#8220;bastante positivo&#8221;.<\/p>\n\n\n\n<blockquote class=\"wp-block-quote\"><p>&#8220;N\u00f3s vemos cr\u00e9dito em expans\u00e3o, alcan\u00e7ando diferentes segmentos da economia, desde grandes e pequenas empresas. Temos taxas de juros historicamente baixas e em decl\u00ednio, e tudo isso em um cen\u00e1rio favor\u00e1vel em termos de inadimpl\u00eancia, que se encontra em n\u00edveis historicamente baixos tamb\u00e9m&#8221;, disse.<\/p><\/blockquote>\n\n\n\n<p>Baldini avaliou que as vendas do cart\u00e3o de cr\u00e9dito \u00e0 vista, nas compras de pessoas f\u00edsicas, t\u00eam subido fortemente nos \u00faltimos tr\u00eas meses, indicando recupera\u00e7\u00e3o das vendas do com\u00e9rcio.<\/p>\n\n\n\n<p>A taxa m\u00e9dia de juros caiu no m\u00eas passado, englobando opera\u00e7\u00f5es com cart\u00e3o de cr\u00e9dito. No caso do cheque especial das pessoas f\u00edsicas, houve aumento.&nbsp;<em>(veja detalhes mais abaixo nessa reportagem)<\/em>.<\/p>\n\n\n\n<p>De acordo com o Banco Central, as concess\u00f5es totais de cr\u00e9dito somaram R$ 367 bilh\u00f5es em setembro, uma eleva\u00e7\u00e3o de 6,5%.<\/p>\n\n\n\n<p>A taxa de inadimpl\u00eancia m\u00e9dia registrada pelos bancos nas opera\u00e7\u00f5es de cr\u00e9dito passou de 2,6% para 2,4% de agosto para setembro.<\/p>\n\n\n\n<p>No caso das opera\u00e7\u00f5es com pessoas f\u00edsicas, a inadimpl\u00eancia caiu de 3,3% em agosto para 3,1% no m\u00eas passado. No caso das empresas, a taxa caiu de 1,8% para 1,5% de agosto para setembro.<\/p>\n\n\n\n<h4><br>Linhas emergenciais de cr\u00e9dito<\/h4>\n\n\n\n<p>No acumulado deste ano, o aumento no cr\u00e9dito banc\u00e1rio est\u00e1 relacionado \u00e0s medidas adotadas pelo Banco Central para liberar \u00e0s institui\u00e7\u00f5es financeiras mais recursos destinados a empr\u00e9stimos em meio \u00e0&nbsp;<a href=\"https:\/\/g1.globo.com\/bemestar\/coronavirus\/\">pandemia do novo coronav\u00edrus.<\/a><\/p>\n\n\n\n<p>Ainda h\u00e1 relatos de&nbsp;<a href=\"https:\/\/g1.globo.com\/economia\/pme\/noticia\/2020\/10\/13\/sebrae-diz-que-situacao-de-micro-e-pequenas-empresas-e-critica-e-sugere-refis-do-simples-nacional.ghtml\">dificuldades por parte de pequenos empreendedores<\/a>&nbsp;em conseguir linhas de cr\u00e9dito emergenciais, ofertadas pelos bancos com garantia do governo federal, mas o acesso est\u00e1 aumentando nos \u00faltimos meses.<\/p>\n\n\n\n<p>&#8220;No ano de 2020, o cr\u00e9dito para as micro empresas mostra um crescimento de 24,4%, para as pequenas de 17%, m\u00e9dias 10,6% e grandes 12,6%. Embora a gente n\u00e3o tenha uma pesquisa diretamente com as empresas para avaliar o quanto tem sido f\u00e1cil ou n\u00e3o o acesso ao cr\u00e9dito, a partir dos dados que possu\u00edmos a impress\u00e3o \u00e9 do sucesso no alcance para esse segmento&#8221;, disse Baldini.<\/p>\n\n\n\n<p>A segunda fase do Pronampe, a principal linha de cr\u00e9dito para micro e pequenos empreendedores, j\u00e1 est\u00e1 praticamente esgotada, e a&nbsp;<a href=\"https:\/\/g1.globo.com\/economia\/pme\/noticia\/2020\/10\/16\/pronampe-governo-quer-autorizar-mais-recursos-para-emprestimos-em-breve-diz-secretario.ghtml\">\u00e1rea econ\u00f4mica confirmou recentemente que pretende lan\u00e7ar a terceira rodada de empr\u00e9stimos<\/a>&nbsp;por meio do programa.<\/p>\n\n\n\n<h4><br>Juros banc\u00e1rios<\/h4>\n\n\n\n<p>Os juros banc\u00e1rios m\u00e9dios com recursos livres de pessoas f\u00edsicas e empresas, por sua vez,&nbsp;recuaram de 26,5% ao ano, em agosto para 25,7% ao ano no m\u00eas passado. O recuo n\u00e3o considera empr\u00e9stimos habitacionais, rurais ou do BNDES. Nas opera\u00e7\u00f5es com recursos livres, a institui\u00e7\u00e3o financeira tem autonomia para fixar a taxa de juro cobrada.<\/p>\n\n\n\n<p>O chefe-adjunto do Departamento de Estat\u00edsticas do BC informou que a redu\u00e7\u00e3o dos juros banc\u00e1rios m\u00e9dios em setembro est\u00e1 relacionada \u00e0 queda da taxa b\u00e1sica da economia (Selic), que est\u00e1 no piso hist\u00f3rico, aos programas de cr\u00e9dito emergenciais com juros menores, e \u00e0 menor utiliza\u00e7\u00e3o do cr\u00e9dito rotativo (que possui taxas mais altas).<\/p>\n\n\n\n<p>Em setembro, nas opera\u00e7\u00f5es para pessoas f\u00edsicas, a o juro m\u00e9dio passou de 39% para 38% ao ano na compara\u00e7\u00e3o com agosto.<\/p>\n\n\n\n<ul><li>A queda do juro banc\u00e1rio no m\u00eas passado&nbsp;n\u00e3o englobou as opera\u00e7\u00f5es com cheque especial, cuja taxa passou de 112,9% ao ano em agosto (6,5% ao m\u00eas) para 114,2% ao ano em setembro, o equivalente a 6,6% ao m\u00eas.&nbsp;<a href=\"https:\/\/g1.globo.com\/economia\/educacao-financeira\/noticia\/2019\/12\/19\/bancos-poderao-cobrar-por-limite-acima-de-r-500-no-cheque-especial-a-partir-de-2020-entenda.ghtml\">Nesse caso, o BC adotou um teto para os juros.<\/a><\/li><li>No caso das opera\u00e7\u00f5es com cart\u00e3o de cr\u00e9dito rotativo, os juros banc\u00e1rios cobrados das pessoas f\u00edsicas recuaram&nbsp;de 310,2% ao ano, em agosto, para 309,9% ao ano em setembro.&nbsp;Deste modo, mesmo com a pequena queda, a taxa segue em patamar proibitivo.<\/li><\/ul>\n\n\n\n<p>O cr\u00e9dito rotativo do cart\u00e3o de cr\u00e9dito pode ser acionado por quem n\u00e3o pode pagar o valor total da fatura na data do vencimento, mas n\u00e3o quer ficar inadimplente. Essa \u00e9 uma das linhas de cr\u00e9dito mais caras do mercado e, segundo analistas, deve ser evitada.&nbsp;A recomenda\u00e7\u00e3o \u00e9 que os clientes banc\u00e1rios paguem todo o valor da fatura mensalmente.<\/p>\n\n\n\n<p>A queda dos juros banc\u00e1rios m\u00e9dios e das opera\u00e7\u00f5es com pessoas f\u00edsicas acontece em um momento de&nbsp;<a href=\"https:\/\/g1.globo.com\/economia\/noticia\/2020\/08\/05\/copom-faz-novo-corte-e-taxa-selic-cai-para-2percent-ao-ano.ghtml\">recuo da taxa b\u00e1sica de juros da economia<\/a>. Em agosto, houve nova queda, para 2% ao ano (m\u00ednima hist\u00f3rica),&nbsp;<a href=\"https:\/\/g1.globo.com\/economia\/noticia\/2020\/09\/16\/copom-decide-manter-juros-em-2percent-ao-ano.ghtml\">patamar que foi mantido em setembro deste ano.<\/a><\/p>\n\n\n\n<p>De acordo com o BC, o chamado &#8220;spread&#8221; banc\u00e1rio (diferen\u00e7a entre quanto bancos pagam pelos recursos e quanto cobram dos clientes) m\u00e9dio com recursos livres passou de 22,1 pontos percentuais, em agosto, para 21,1 pontos percentuais em setembro \u2013 uma queda de um ponto percentual.<\/p>\n\n\n\n<p>Nas opera\u00e7\u00f5es com pessoas f\u00edsicas, houve redu\u00e7\u00e3o de 34,2 pontos em agosto para 32,8 pontos em setembro deste ano.<\/p>\n\n\n\n<p>Com isso, mesmo com o repasse da queda do juro b\u00e1sico da economia na parcial deste ano, o &#8220;spread&#8221; banc\u00e1rio ainda segue em patamar elevado para padr\u00f5es internacionais.<\/p>\n\n\n\n<p>O &#8220;spread&#8221; \u00e9 composto pelo lucro dos bancos, pela taxa de inadimpl\u00eancia, por custos administrativos, pelos dep\u00f3sitos compuls\u00f3rios (que s\u00e3o mantidos no Banco Central) e pelos tributos cobrados pelo governo federal, entre outros.<\/p>\n\n\n\n<p><br><br>Fonte: <a rel=\"noreferrer noopener\" aria-label=\"www.g1.globo.com (abre numa nova aba)\" href=\"https:\/\/g1.globo.com\/economia\/noticia\/2020\/10\/26\/bc-credito-bancario-sobe-em-setembro-e-juro-medio-recua-mas-taxa-do-cheque-especial-sobe.ghtml\" target=\"_blank\">www.g1.globo.com<\/a><\/p>\n","protected":false},"excerpt":{"rendered":"<p>Opera\u00e7\u00f5es de cr\u00e9dito avan\u00e7aram 1,9% no m\u00eas passado, para R$ 3,8 trilh\u00f5es. Taxa m\u00e9dia de juros para pessoa f\u00edsica caiu para 38% ao ano. Inadimpl\u00eancia tamb\u00e9m recuou em setembro.<\/p>\n","protected":false},"author":3,"featured_media":3398,"comment_status":"closed","ping_status":"closed","sticky":false,"template":"","format":"standard","meta":[],"categories":[2],"tags":[],"_links":{"self":[{"href":"https:\/\/www.confere.org.br\/wordpress\/wp-json\/wp\/v2\/posts\/3714"}],"collection":[{"href":"https:\/\/www.confere.org.br\/wordpress\/wp-json\/wp\/v2\/posts"}],"about":[{"href":"https:\/\/www.confere.org.br\/wordpress\/wp-json\/wp\/v2\/types\/post"}],"author":[{"embeddable":true,"href":"https:\/\/www.confere.org.br\/wordpress\/wp-json\/wp\/v2\/users\/3"}],"replies":[{"embeddable":true,"href":"https:\/\/www.confere.org.br\/wordpress\/wp-json\/wp\/v2\/comments?post=3714"}],"version-history":[{"count":1,"href":"https:\/\/www.confere.org.br\/wordpress\/wp-json\/wp\/v2\/posts\/3714\/revisions"}],"predecessor-version":[{"id":3715,"href":"https:\/\/www.confere.org.br\/wordpress\/wp-json\/wp\/v2\/posts\/3714\/revisions\/3715"}],"wp:featuredmedia":[{"embeddable":true,"href":"https:\/\/www.confere.org.br\/wordpress\/wp-json\/wp\/v2\/media\/3398"}],"wp:attachment":[{"href":"https:\/\/www.confere.org.br\/wordpress\/wp-json\/wp\/v2\/media?parent=3714"}],"wp:term":[{"taxonomy":"category","embeddable":true,"href":"https:\/\/www.confere.org.br\/wordpress\/wp-json\/wp\/v2\/categories?post=3714"},{"taxonomy":"post_tag","embeddable":true,"href":"https:\/\/www.confere.org.br\/wordpress\/wp-json\/wp\/v2\/tags?post=3714"}],"curies":[{"name":"wp","href":"https:\/\/api.w.org\/{rel}","templated":true}]}}