{"id":3716,"date":"2020-10-27T09:01:36","date_gmt":"2020-10-27T11:01:36","guid":{"rendered":"https:\/\/www.confere.org.br\/wordpress\/?p=3716"},"modified":"2020-10-27T09:01:36","modified_gmt":"2020-10-27T11:01:36","slug":"intencao-de-consumo-das-familias-cresce-09-em-outubro-diz-cnc","status":"publish","type":"post","link":"https:\/\/www.confere.org.br\/wordpress\/intencao-de-consumo-das-familias-cresce-09-em-outubro-diz-cnc\/","title":{"rendered":"Inten\u00e7\u00e3o de consumo das fam\u00edlias cresce 0,9% em outubro, diz CNC"},"content":{"rendered":"\n<p><\/p>\n\n\n\n<p><strong>Ainda fraco<\/strong>. Apesar do avan\u00e7o, foi o menor patamar para um m\u00eas de outubro da s\u00e9rie hist\u00f3rica, iniciada em janeiro de 2010. Em rela\u00e7\u00e3o a outubro de 2019, o ICF recuou 26,4% em outubro deste ano, a s\u00e9tima retra\u00e7\u00e3o seguida nesse tipo de compara\u00e7\u00e3o.<\/p>\n\n\n\n<p><strong>Respiro<\/strong>. Na passagem de setembro para outubro, houve melhora na avalia\u00e7\u00e3o sobre a perspectiva profissional (+4,4%), momento para aquisi\u00e7\u00e3o de bens de consumo dur\u00e1veis (+2,1%) e n\u00edvel de consumo atual (+1,2%). Por outro lado, o componente que avalia a renda atual caiu 0,9%, a s\u00e9tima queda consecutiva, descendo a 76,3 pontos, o menor patamar da s\u00e9rie hist\u00f3rica.<\/p>\n\n\n\n<p><strong>Insatisfeito<\/strong>. A Inten\u00e7\u00e3o de Consumo das Fam\u00edlias permanece abaixo do n\u00edvel de satisfa\u00e7\u00e3o \u2013 de 100 pontos \u2013 desde abril de 2015. A CNC divulga mais detalhes do indicador a partir das 10h30 desta ter\u00e7a-feira, 27. <\/p>\n\n\n\n<p><br><br>Fonte: <a rel=\"noreferrer noopener\" aria-label=\"Estad\u00e3o (abre numa nova aba)\" href=\"https:\/\/economia.estadao.com.br\/blogs\/coluna-do-broad\/intencao-de-consumo-das-familias-cresce-09-em-outubro-diz-cnc\/\" target=\"_blank\">Estad\u00e3o<\/a><\/p>\n","protected":false},"excerpt":{"rendered":"<p>Os consumidores brasileiros ficaram mais inclinados \u00e0s compras em outubro, segundo levantamento da Confedera\u00e7\u00e3o Nacional do Com\u00e9rcio de Bens, Servi\u00e7os e Turismo (CNC). A Inten\u00e7\u00e3o de Consumo das Fam\u00edlias (ICF) cresceu 0,9% em rela\u00e7\u00e3o a setembro, o segundo m\u00eas seguido de melhora, alcan\u00e7ando 68,7 pontos.<\/p>\n","protected":false},"author":3,"featured_media":3340,"comment_status":"closed","ping_status":"closed","sticky":false,"template":"","format":"standard","meta":[],"categories":[2],"tags":[],"_links":{"self":[{"href":"https:\/\/www.confere.org.br\/wordpress\/wp-json\/wp\/v2\/posts\/3716"}],"collection":[{"href":"https:\/\/www.confere.org.br\/wordpress\/wp-json\/wp\/v2\/posts"}],"about":[{"href":"https:\/\/www.confere.org.br\/wordpress\/wp-json\/wp\/v2\/types\/post"}],"author":[{"embeddable":true,"href":"https:\/\/www.confere.org.br\/wordpress\/wp-json\/wp\/v2\/users\/3"}],"replies":[{"embeddable":true,"href":"https:\/\/www.confere.org.br\/wordpress\/wp-json\/wp\/v2\/comments?post=3716"}],"version-history":[{"count":1,"href":"https:\/\/www.confere.org.br\/wordpress\/wp-json\/wp\/v2\/posts\/3716\/revisions"}],"predecessor-version":[{"id":3717,"href":"https:\/\/www.confere.org.br\/wordpress\/wp-json\/wp\/v2\/posts\/3716\/revisions\/3717"}],"wp:featuredmedia":[{"embeddable":true,"href":"https:\/\/www.confere.org.br\/wordpress\/wp-json\/wp\/v2\/media\/3340"}],"wp:attachment":[{"href":"https:\/\/www.confere.org.br\/wordpress\/wp-json\/wp\/v2\/media?parent=3716"}],"wp:term":[{"taxonomy":"category","embeddable":true,"href":"https:\/\/www.confere.org.br\/wordpress\/wp-json\/wp\/v2\/categories?post=3716"},{"taxonomy":"post_tag","embeddable":true,"href":"https:\/\/www.confere.org.br\/wordpress\/wp-json\/wp\/v2\/tags?post=3716"}],"curies":[{"name":"wp","href":"https:\/\/api.w.org\/{rel}","templated":true}]}}