{"id":3718,"date":"2020-10-27T15:43:47","date_gmt":"2020-10-27T17:43:47","guid":{"rendered":"https:\/\/www.confere.org.br\/wordpress\/?p=3718"},"modified":"2020-12-10T15:26:11","modified_gmt":"2020-12-10T17:26:11","slug":"esclarecimentos-aos-representantes-comerciais-valor-da-anuidade","status":"publish","type":"post","link":"https:\/\/www.confere.org.br\/wordpress\/esclarecimentos-aos-representantes-comerciais-valor-da-anuidade\/","title":{"rendered":"Esclarecimentos aos Representantes Comerciais  (valor da anuidade)"},"content":{"rendered":"\n<p>Esta indaga\u00e7\u00e3o \u00e9 feita pelos\nrepresentantes comerciais, pessoas f\u00edsicas e jur\u00eddicas registradas em todo o\npa\u00eds, sendo o Confere apontado pelos Cores como o respons\u00e1vel pelo reajuste.<\/p>\n\n\n\n<p>Isso acontece, tamb\u00e9m, nos\noutros Sistemas de Conselhos de Fiscaliza\u00e7\u00e3o Profissional, em que, por for\u00e7a de\nsuas respectivas leis de cria\u00e7\u00e3o, compete, exclusivamente, aos Conselhos\nFederais, fixar os valores das anuidades que ser\u00e3o devidas aos Conselhos\nRegionais vinculados.<\/p>\n\n\n\n<p>No caso do Sistema Confere\/Cores, ao Conselho Federal dos Representantes Comerciais \u2013 Confere, cabe a responsabilidade de cumprir o que estabelece a Lei  n\u00b0 4.886\/65, no art. 10, VIII, fixando os valores das anuidades dentro dos limites determinados na pr\u00f3pria lei, limites esses que, tamb\u00e9m por for\u00e7a de lei, s\u00e3o corrigidos anualmente pelo \u00edndice oficial de pre\u00e7os ao consumidor &#8211; IPCA\/IBGE, calculado nos 12 (doze) meses anteriores.<\/p>\n\n\n\n<p>Ademais, como as anuidades\n(contribui\u00e7\u00f5es) devidas aos Conselhos de Fiscaliza\u00e7\u00e3o Profissional t\u00eam natureza\ntribut\u00e1ria, independe da vontade ou de eventual poder discricion\u00e1rio da\nDiretoria do Conselho Federal deixar de aplicar o reajuste previsto em lei, sob\npena de ser responsabilizada pela omiss\u00e3o.<\/p>\n\n\n\n<p>Cumpre ressaltar que foi aplicado \u00e0s anuidades apenas o \u00edndice m\u00ednimo de atualiza\u00e7\u00e3o de 2,44%, sem qualquer acr\u00e9scimo real, lembrando que as receitas dos Conselhos Regionais se destinam \u00e0s suas atividades final\u00edsticas em prol do fortalecimento e valoriza\u00e7\u00e3o dos representantes comerciais, bem como para a compra e conserva\u00e7\u00e3o dos im\u00f3veis destinados \u00e0s sedes dos Cores, que constituem propriedade da categoria profissional.<\/p>\n\n\n\n<p class=\"has-text-align-center\"><br><br>Manoel Affonso Mendes de Farias Mello<br>Diretor-Presidente do Confere <\/p>\n\n\n\n<p><\/p>\n","protected":false},"excerpt":{"rendered":"<p>Por que as anuidades cobradas pelos Conselhos Regionais do Representantes Comerciais \u2013 Cores s\u00e3o reajustadas anualmente?<\/p>\n","protected":false},"author":3,"featured_media":3719,"comment_status":"closed","ping_status":"closed","sticky":false,"template":"","format":"standard","meta":[],"categories":[34,49],"tags":[],"_links":{"self":[{"href":"https:\/\/www.confere.org.br\/wordpress\/wp-json\/wp\/v2\/posts\/3718"}],"collection":[{"href":"https:\/\/www.confere.org.br\/wordpress\/wp-json\/wp\/v2\/posts"}],"about":[{"href":"https:\/\/www.confere.org.br\/wordpress\/wp-json\/wp\/v2\/types\/post"}],"author":[{"embeddable":true,"href":"https:\/\/www.confere.org.br\/wordpress\/wp-json\/wp\/v2\/users\/3"}],"replies":[{"embeddable":true,"href":"https:\/\/www.confere.org.br\/wordpress\/wp-json\/wp\/v2\/comments?post=3718"}],"version-history":[{"count":2,"href":"https:\/\/www.confere.org.br\/wordpress\/wp-json\/wp\/v2\/posts\/3718\/revisions"}],"predecessor-version":[{"id":3991,"href":"https:\/\/www.confere.org.br\/wordpress\/wp-json\/wp\/v2\/posts\/3718\/revisions\/3991"}],"wp:featuredmedia":[{"embeddable":true,"href":"https:\/\/www.confere.org.br\/wordpress\/wp-json\/wp\/v2\/media\/3719"}],"wp:attachment":[{"href":"https:\/\/www.confere.org.br\/wordpress\/wp-json\/wp\/v2\/media?parent=3718"}],"wp:term":[{"taxonomy":"category","embeddable":true,"href":"https:\/\/www.confere.org.br\/wordpress\/wp-json\/wp\/v2\/categories?post=3718"},{"taxonomy":"post_tag","embeddable":true,"href":"https:\/\/www.confere.org.br\/wordpress\/wp-json\/wp\/v2\/tags?post=3718"}],"curies":[{"name":"wp","href":"https:\/\/api.w.org\/{rel}","templated":true}]}}