{"id":3721,"date":"2020-10-28T15:37:30","date_gmt":"2020-10-28T17:37:30","guid":{"rendered":"https:\/\/www.confere.org.br\/wordpress\/?p=3721"},"modified":"2020-10-28T15:37:30","modified_gmt":"2020-10-28T17:37:30","slug":"programa-para-ampliar-produtividade-das-empresas-e-retomado","status":"publish","type":"post","link":"https:\/\/www.confere.org.br\/wordpress\/programa-para-ampliar-produtividade-das-empresas-e-retomado\/","title":{"rendered":"Programa para ampliar produtividade das empresas \u00e9 retomado"},"content":{"rendered":"\n<p>Lan\u00e7ado em fevereiro e interrompido pela pandemia de covid-19, o Programa Brasil Mais, que pretende aumentar a produtividade das empresas, foi retomado em outubro, informou hoje (27) a Secretaria Especial de Produtividade, Emprego e Competitividade do Minist\u00e9rio da Economia. O programa pretende atender 120 mil companhias at\u00e9 2022.<\/p>\n\n\n\n<p>O Brasil Mais oferece consultoria, apoio t\u00e9cnico e capacita\u00e7\u00e3o em dois eixos: melhoria de gest\u00e3o e ado\u00e7\u00e3o de tecnologias digitais. O primeiro eixo est\u00e1 dispon\u00edvel para micro e pequenas empresas. O segundo est\u00e1 dispon\u00edvel para ind\u00fastrias.<\/p>\n\n\n\n<p>Os cursos s\u00e3o oferecidos em parceria com o Servi\u00e7o Brasileiro de Apoio \u00e0s Micro e Pequenas Empresas (Sebrae), o Servi\u00e7o Nacional de Aprendizagem Industrial (Senai) e a Ag\u00eancia Brasileira de Desenvolvimento Industrial (ABDI). O cadastro no programa pode ser feito no site&nbsp;<a href=\"http:\/\/www.gov.br\/brasilmais\" target=\"_blank\" rel=\"noreferrer noopener\">www.gov.br\/brasilmais<\/a>. Ao inscrever-se, a empresa escolhe em qual dos eixos quer se inscrever, responde a um question\u00e1rio de autodiagn\u00f3stico e \u00e9 encaminhada para o atendimento, com assist\u00eancia do Sebrae ou do Senai.<\/p>\n\n\n\n<p>Na plataforma, gerida pela ABDI, as empresas interessadas ter\u00e3o acesso a servi\u00e7os e atendimentos assistidos, ferramentas de autodiagn\u00f3stico e conte\u00fados exclusivos que ajudam na melhoria da gest\u00e3o e da produtividade do neg\u00f3cio. Todas as a\u00e7\u00f5es ser\u00e3o oferecidas de forma gratuita.<\/p>\n\n\n\n<p>O Sebrae oferecer\u00e1 orienta\u00e7\u00e3o t\u00e9cnica para inova\u00e7\u00e3o em temas gerenciais priorit\u00e1rios para cada empresa, com o emprego de 1 mil agentes locais de inova\u00e7\u00e3o. O Senai ofertar\u00e1 servi\u00e7os de melhoria da produtividade industrial, com a aplica\u00e7\u00e3o de conceitos de manufatura enxuta e de digitaliza\u00e7\u00e3o da produ\u00e7\u00e3o. Ao todo, mais de 1,3 mil especialistas em todos os departamentos regionais do Senai integrar\u00e3o o programa.<\/p>\n\n\n\n<p>Segundo o Minist\u00e9rio da Economia, as t\u00e9cnicas ensinadas pelo Senai permitem ganho m\u00e9dio de 20% de produtividade do trabalho, nas linhas de fabrica\u00e7\u00e3o que receberem o servi\u00e7o. No caso dos cursos do Sebrae, a empresa poder\u00e1 optar por consultorias especializadas adicionais.<\/p>\n\n\n\n<p>O Brasil Mais oferecer\u00e1 tamb\u00e9m, de forma aberta e gratuita, conte\u00fados digitais, como manuais de melhores pr\u00e1ticas produtivas e gerenciais, e-books, podcasts, links para cursos de capacita\u00e7\u00e3o e ferramentas de autodiagn\u00f3stico para avalia\u00e7\u00e3o de pr\u00e1ticas das empresas.<\/p>\n\n\n\n<p><br><br>Fonte: <a rel=\"noreferrer noopener\" aria-label=\"Ag\u00eancia Brasil (abre numa nova aba)\" href=\"https:\/\/agenciabrasil.ebc.com.br\/economia\/noticia\/2020-10\/programa-para-ampliar-produtividade-das-empresas-e-retomado\" target=\"_blank\">Ag\u00eancia Brasil<\/a><\/p>\n","protected":false},"excerpt":{"rendered":"<p>Brasil Mais oferecer\u00e1 consultoria e apoio a 120 mil companhias<\/p>\n","protected":false},"author":3,"featured_media":3500,"comment_status":"closed","ping_status":"closed","sticky":false,"template":"","format":"standard","meta":[],"categories":[2],"tags":[],"_links":{"self":[{"href":"https:\/\/www.confere.org.br\/wordpress\/wp-json\/wp\/v2\/posts\/3721"}],"collection":[{"href":"https:\/\/www.confere.org.br\/wordpress\/wp-json\/wp\/v2\/posts"}],"about":[{"href":"https:\/\/www.confere.org.br\/wordpress\/wp-json\/wp\/v2\/types\/post"}],"author":[{"embeddable":true,"href":"https:\/\/www.confere.org.br\/wordpress\/wp-json\/wp\/v2\/users\/3"}],"replies":[{"embeddable":true,"href":"https:\/\/www.confere.org.br\/wordpress\/wp-json\/wp\/v2\/comments?post=3721"}],"version-history":[{"count":1,"href":"https:\/\/www.confere.org.br\/wordpress\/wp-json\/wp\/v2\/posts\/3721\/revisions"}],"predecessor-version":[{"id":3722,"href":"https:\/\/www.confere.org.br\/wordpress\/wp-json\/wp\/v2\/posts\/3721\/revisions\/3722"}],"wp:featuredmedia":[{"embeddable":true,"href":"https:\/\/www.confere.org.br\/wordpress\/wp-json\/wp\/v2\/media\/3500"}],"wp:attachment":[{"href":"https:\/\/www.confere.org.br\/wordpress\/wp-json\/wp\/v2\/media?parent=3721"}],"wp:term":[{"taxonomy":"category","embeddable":true,"href":"https:\/\/www.confere.org.br\/wordpress\/wp-json\/wp\/v2\/categories?post=3721"},{"taxonomy":"post_tag","embeddable":true,"href":"https:\/\/www.confere.org.br\/wordpress\/wp-json\/wp\/v2\/tags?post=3721"}],"curies":[{"name":"wp","href":"https:\/\/api.w.org\/{rel}","templated":true}]}}