{"id":3723,"date":"2020-10-28T15:41:46","date_gmt":"2020-10-28T17:41:46","guid":{"rendered":"https:\/\/www.confere.org.br\/wordpress\/?p=3723"},"modified":"2020-10-28T15:41:47","modified_gmt":"2020-10-28T17:41:47","slug":"apoio-emergencial-do-bndes-a-empresas-na-pandemia-alcanca-r-105-bi","status":"publish","type":"post","link":"https:\/\/www.confere.org.br\/wordpress\/apoio-emergencial-do-bndes-a-empresas-na-pandemia-alcanca-r-105-bi\/","title":{"rendered":"Apoio emergencial do BNDES a empresas na pandemia alcan\u00e7a R$ 105 bi"},"content":{"rendered":"\n<p>O Banco Nacional de Desenvolvimento Econ\u00f4mico e Social (BNDES) atingiu R$ 105 bilh\u00f5es concedidos como apoio emergencial desde o in\u00edcio da pandemia do novo coronav\u00edrus, em mar\u00e7o deste ano. O recurso foi destinado a 258 mil empresas brasileiras que respondem pela gera\u00e7\u00e3o de 8,5 milh\u00f5es de empregos. Em entrevista hoje (27) \u00e0&nbsp;<em>Voz do Brasil<\/em>, o presidente do BNDES, Gustavo Montezano, revelou que a prioridade foram micro, pequenas e m\u00e9dias empresas (MPMEs), que constituem 96% do total de empresas atendidas.<\/p>\n\n\n\n<p>\u201cS\u00e3o n\u00fameros muito substanciais. Estamos bem satisfeitos com o resultado desse trabalho, com uma inova\u00e7\u00e3o do banco em um momento dif\u00edcil para n\u00f3s, brasileiros. Mas a boa not\u00edcia \u00e9 que esse recurso, que come\u00e7ou como recurso para atravessar a crise, no presente momento, os dados que a gente enxerga e olha para os pr\u00f3ximos meses, se tornou um recurso para a retomada\u201d. De acordo com Montezano, o dinheiro que era dirigido para pagar o sal\u00e1rio atrasado, o fornecedor que ia ficar vencido, \u201cj\u00e1 est\u00e1 virando dinheiro para capital de giro para chegar nesse Natal que se aproxima\u201d.<\/p>\n\n\n\n<h4><br>FGTS<\/h4>\n\n\n\n<p>Tamb\u00e9m com o prop\u00f3sito de reduzir os efeitos do novo coronav\u00edrus, mais R$ 20 bilh\u00f5es foram repassados do Fundo PIS-PASEP, administrado pelo BNDES, para o Fundo de Garantia do Tempo de Servi\u00e7o (FGTS), para que os trabalhadores pudessem fazer saques emergenciais, direcionando parte desses recursos para o consumo, o que movimentou a economia e os pequenos neg\u00f3cios, em especial. Com isso, as medidas emergenciais do BNDES na pandemia somam R$ 125 bilh\u00f5es.<\/p>\n\n\n\n<p>Gustavo Montezano explicou que o BNDES tinha uma d\u00edvida de R$ 20 bilh\u00f5es com o Fundo Garantidor do FGTS. \u201cE a gente entendeu que agora era o momento oportuno. O Brasil precisava, o trabalhador precisava. Ent\u00e3o, a gente transferiu esse recurso para o FGTS poder pagar os trabalhadores no momento em que eles mais tinham necessidade. Foi um apoio direto do BNDES ao trabalhador brasileiro\u201d, afirmou.<\/p>\n\n\n\n<p>As a\u00e7\u00f5es emergenciais voltadas ao setor p\u00fablico somaram R$ 3,9 bilh\u00f5es em suspens\u00f5es de pagamentos de estados e munic\u00edpios. O presidente do BNDES informou que os pagamentos que deveriam ser feitos este ano foram postergados. Isso significa que os empr\u00e9stimos concedidos come\u00e7ar\u00e3o a ser pagos somente a partir de janeiro de 2021. \u201cAssim, os prefeitos e governadores t\u00eam recursos para pagar o sal\u00e1rio dos servidores, fazer os gastos de sa\u00fade da crise, pagar os fornecedores das prefeituras e estados. Foi um apoio muito importante que o banco contribuiu durante esse momento que passamos\u201d. Por outro lado, o BNDES agilizou libera\u00e7\u00f5es de financiamentos contratados por estados no montante de R$ 225 milh\u00f5es. Para o setor privado, a suspens\u00e3o de pagamentos de financiamentos totalizou R$ 12,6 bilh\u00f5es. Foram beneficiadas cerca de 28.600 MPMEs e 499 grandes empresas.<\/p>\n\n\n\n<h4><br>Impactos<\/h4>\n\n\n\n<p>Gustavo Montezano afirmou que ele e sua equipe se dedicam a analisar como o BNDES pode melhorar a vida dos brasileiros, promovendo investimentos que tenham impacto social e ambiental. \u201cComo a gente faz isso? Preparando projetos, modelando a infraestrutura. A gente atua como um preparador de projetos de grandes obras de constru\u00e7\u00e3o, ilumina\u00e7\u00e3o p\u00fablica, energia el\u00e9trica, saneamento, rodovia, todo esse arcabou\u00e7o de infraestrutura que o Brasil tanto precisa\u201d. Enfatizou que o BNDES atua tanto na prepara\u00e7\u00e3o e apoio aos estados e ao governo federal na modelagem, como no financiamento. Completou que, al\u00e9m de melhorar a vida do cidad\u00e3o na ponta, com qualidade de vida, o banco gera emprego na execu\u00e7\u00e3o dessas obras.<\/p>\n\n\n\n<p>Para financiamento ao setor el\u00e9trico, com o objetivo de evitar aumento maior de tarifas, o cons\u00f3rcio formado pelo BNDES e outras 15 institui\u00e7\u00f5es financeiras contratou R$ 15,3 bilh\u00f5es na Conta Covid. O banco participa com R$ 2,7 bilh\u00f5es desse total.<\/p>\n\n\n\n<h4><br>Saneamento<\/h4>\n\n\n\n<p>Na \u00e1rea do saneamento, em especial, Montezano revelou que a estimativa \u00e9 que a universaliza\u00e7\u00e3o do saneamento no pa\u00eds demandar\u00e1 recursos entre R$ 600 bilh\u00f5es e R$ 700 bilh\u00f5es. A carteira de projetos do banco, atualmente, totaliza R$ 50 bilh\u00f5es a R$ 60 bilh\u00f5es. \u201cEstamos falando de 10% do volume necess\u00e1rio para universalizar o saneamento no Brasil. Essa \u00e9 uma agenda priorit\u00e1ria para o banco\u201d, assegurou. Segundo o presidente do BNDES, a universaliza\u00e7\u00e3o do saneamento b\u00e1sico vai melhorar a educa\u00e7\u00e3o, a sa\u00fade, al\u00e9m de impulsionar o desenvolvimento da regi\u00e3o atendida. \u201c\u00c9 uma medida priorit\u00e1ria para o Brasil que vai mudar, de uma vez por todas, a desigualdade social no pa\u00eds\u201d.<\/p>\n\n\n\n<p>Montezano explicou, por outro lado, que a elabora\u00e7\u00e3o de um bom projeto de saneamento requer an\u00e1lise de engenharia ambiental e modelagem de um contrato de concess\u00e3o, que \u00e9 um trabalho muito t\u00e9cnico e pesado. Alertou, entretanto, que se esse trabalho for bem feito, \u201ctraz um grande valor para a sociedade. O banco atua modelando esses projetos junto com estados e munic\u00edpios, e tamb\u00e9m financiando, uma vez que as obras se iniciem\u201d. Reiterou que essa \u00e9 uma prioridade chave para o banco e para o Brasil. \u201cE tem tudo para mudar a nossa quest\u00e3o da desigualdade social em todas as regi\u00f5es do pa\u00eds\u201d.<\/p>\n\n\n\n<h4><br>Medidas<\/h4>\n\n\n\n<p>Entre as medidas emergenciais adotadas pelo banco, destaque para o Programa Emergencial de Acesso a Cr\u00e9dito (PEAC) que transferiu R$ 71,1 bilh\u00f5es em cr\u00e9ditos garantidos, desde seu lan\u00e7amento em junho, para 89 mil empresas. Desse valor, R$ 66 bilh\u00f5es foram direcionados a pequenas e m\u00e9dias empresas.<\/p>\n\n\n\n<p>Um total de 46 agentes financeiros est\u00e1 habilitado a contratar empr\u00e9stimos com a garantia do Tesouro Nacional via Fundo Garantidor de Investimentos, que \u00e9 o modelo do PEAC. Essas institui\u00e7\u00f5es financeiras decidem quando utilizar a garantia do programa e avaliam o pedido de cr\u00e9dito, no momento em que cada uma das opera\u00e7\u00f5es \u00e9 estruturada.<\/p>\n\n\n\n<p>Na linha PEAC Maquininhas, os empr\u00e9stimos oferecidos por agentes financeiros com base no movimento das maquininhas de cart\u00e3o somaram R$ 105 milh\u00f5es aprovados para 3.300 clientes. J\u00e1 na linha Cr\u00e9dito Pequenas Empresas, que oferece cr\u00e9dito para capital de giro, foram aprovados R$ 8 bilh\u00f5es, resultando em 24.600 empresas apoiadas. Tamb\u00e9m o Programa Emergencial de Suporte ao Emprego (PESE) aprovou, em duas etapas, R$ 7,3 bilh\u00f5es em cr\u00e9dito.<\/p>\n\n\n\n<h4><br>Sa\u00fade<\/h4>\n\n\n\n<p>Al\u00e9m disso, o Programa de Apoio Emergencial ao Combate da Pandemia do Coronav\u00edrus aprovou R$ 293 milh\u00f5es para a \u00e1rea da sa\u00fade. Os recursos permitem a abertura de at\u00e9 2.900 leitos de UTI e enfermaria, compra de 1.700 equipamentos m\u00e9dicos, como monitores e ventiladores pulmonares, e 4 milh\u00f5es de kits de diagn\u00f3sticos contra a covid-19. Uma outra iniciativa, envolvendo a a\u00e7\u00e3o de financiamento coletivo Matchfunding Salvando Vidas, para aquisi\u00e7\u00e3o de materiais, insumos e equipamentos para Santas Casas e hospitais filantr\u00f3picos do pa\u00eds, arrecadou R$ 74 milh\u00f5es, dos quais a metade foi aportada pelo BNDES.<\/p>\n\n\n\n<p><br><br>Fonte: <a rel=\"noreferrer noopener\" aria-label=\"Ag\u00eancia Brasil (abre numa nova aba)\" href=\"https:\/\/agenciabrasil.ebc.com.br\/economia\/noticia\/2020-10\/apoio-emergencial-do-bndes-a-empresas-na-pandemia-alcanca-105-bilhoes-de-reais\" target=\"_blank\">Ag\u00eancia Brasil<\/a><\/p>\n","protected":false},"excerpt":{"rendered":"<p>Gustavo Montezano fala sobre contribui\u00e7\u00f5es sociais durante a pandemia<\/p>\n","protected":false},"author":3,"featured_media":2880,"comment_status":"closed","ping_status":"closed","sticky":false,"template":"","format":"standard","meta":[],"categories":[2],"tags":[],"_links":{"self":[{"href":"https:\/\/www.confere.org.br\/wordpress\/wp-json\/wp\/v2\/posts\/3723"}],"collection":[{"href":"https:\/\/www.confere.org.br\/wordpress\/wp-json\/wp\/v2\/posts"}],"about":[{"href":"https:\/\/www.confere.org.br\/wordpress\/wp-json\/wp\/v2\/types\/post"}],"author":[{"embeddable":true,"href":"https:\/\/www.confere.org.br\/wordpress\/wp-json\/wp\/v2\/users\/3"}],"replies":[{"embeddable":true,"href":"https:\/\/www.confere.org.br\/wordpress\/wp-json\/wp\/v2\/comments?post=3723"}],"version-history":[{"count":1,"href":"https:\/\/www.confere.org.br\/wordpress\/wp-json\/wp\/v2\/posts\/3723\/revisions"}],"predecessor-version":[{"id":3724,"href":"https:\/\/www.confere.org.br\/wordpress\/wp-json\/wp\/v2\/posts\/3723\/revisions\/3724"}],"wp:featuredmedia":[{"embeddable":true,"href":"https:\/\/www.confere.org.br\/wordpress\/wp-json\/wp\/v2\/media\/2880"}],"wp:attachment":[{"href":"https:\/\/www.confere.org.br\/wordpress\/wp-json\/wp\/v2\/media?parent=3723"}],"wp:term":[{"taxonomy":"category","embeddable":true,"href":"https:\/\/www.confere.org.br\/wordpress\/wp-json\/wp\/v2\/categories?post=3723"},{"taxonomy":"post_tag","embeddable":true,"href":"https:\/\/www.confere.org.br\/wordpress\/wp-json\/wp\/v2\/tags?post=3723"}],"curies":[{"name":"wp","href":"https:\/\/api.w.org\/{rel}","templated":true}]}}