{"id":3725,"date":"2020-10-29T14:36:35","date_gmt":"2020-10-29T16:36:35","guid":{"rendered":"https:\/\/www.confere.org.br\/wordpress\/?p=3725"},"modified":"2020-10-29T14:36:35","modified_gmt":"2020-10-29T16:36:35","slug":"cni-diz-que-setores-mais-otimistas-sao-os-de-borracha-e-metalurgia","status":"publish","type":"post","link":"https:\/\/www.confere.org.br\/wordpress\/cni-diz-que-setores-mais-otimistas-sao-os-de-borracha-e-metalurgia\/","title":{"rendered":"CNI diz que setores mais otimistas s\u00e3o os de borracha e metalurgia"},"content":{"rendered":"\n<p>O \u00cdndice de Confian\u00e7a do Empres\u00e1rio (Icei), edi\u00e7\u00e3o de outubro, registrou alta em todos os 30 setores analisados pela Confedera\u00e7\u00e3o Nacional da Ind\u00fastria (CNI). Na compara\u00e7\u00e3o com setembro, houve aumento em 13 setores industriais e recuo em 16.<\/p>\n\n\n\n<p>O setor que teve maior pontua\u00e7\u00e3o foi o de produtos de borracha (64,8 pontos), seguido por metalurgia (64,5); produtos de minerais n\u00e3o met\u00e1licos (64,1); e produtos de metal (exceto m\u00e1quinas e equipamentos (64).<\/p>\n\n\n\n<p>Segundo pesquisa da CNI, os setores com menor confian\u00e7a foram os de biocombust\u00edveis (54 pontos); obras de infraestrutura (54,3); equipamentos de inform\u00e1tica, produtos eletr\u00f4nicos e outros (56,7); couros e artefatos de couro (57,4); e produtos de limpeza, perfumaria e higiene pessoal (57,4).<\/p>\n\n\n\n<p>O Icei varia de zero a 100 pontos. Quando acima de 50 pontos, ele indica confian\u00e7a por parte do empresariado. Quanto maior for o \u00edndice, maior a confian\u00e7a do setor.<\/p>\n\n\n\n<h4><br>Compara\u00e7\u00e3o<\/h4>\n\n\n\n<p>Os setores que apresentaram maior alta, na compara\u00e7\u00e3o com o levantamento anterior, foram os da ind\u00fastria extrativa, que aumentou 3,8 pontos, atingindo 63,7; produtos de metal (alta de 3,4 pontos, chegando a 64); e o de impress\u00e3o e reprodu\u00e7\u00e3o de grava\u00e7\u00f5es, que cresceu 3 pontos, chegando a 58,6 pontos.<\/p>\n\n\n\n<p>J\u00e1 as maiores quedas ficaram com os setores de equipamentos de inform\u00e1tica, que declinou 6,3 pontos; o de biocombust\u00edveis (queda de 4,6 pontos); e o de produtos de material pl\u00e1stico, que apresentou queda de 3,9 pontos, ficando com 61,1 pontos.<\/p>\n\n\n\n<p><br><br>Fonte: <a rel=\"noreferrer noopener\" aria-label=\"Ag\u00eancia Brasil (abre numa nova aba)\" href=\"https:\/\/agenciabrasil.ebc.com.br\/economia\/noticia\/2020-10\/cni-diz-que-setores-mais-otimistas-sao-os-de-borracha-e-metalurgia\" target=\"_blank\">Ag\u00eancia Brasil<\/a><\/p>\n","protected":false},"excerpt":{"rendered":"<p>Houve alta em 13 segmentos industriais e recuo em 16<\/p>\n","protected":false},"author":3,"featured_media":3726,"comment_status":"closed","ping_status":"closed","sticky":false,"template":"","format":"standard","meta":[],"categories":[2],"tags":[],"_links":{"self":[{"href":"https:\/\/www.confere.org.br\/wordpress\/wp-json\/wp\/v2\/posts\/3725"}],"collection":[{"href":"https:\/\/www.confere.org.br\/wordpress\/wp-json\/wp\/v2\/posts"}],"about":[{"href":"https:\/\/www.confere.org.br\/wordpress\/wp-json\/wp\/v2\/types\/post"}],"author":[{"embeddable":true,"href":"https:\/\/www.confere.org.br\/wordpress\/wp-json\/wp\/v2\/users\/3"}],"replies":[{"embeddable":true,"href":"https:\/\/www.confere.org.br\/wordpress\/wp-json\/wp\/v2\/comments?post=3725"}],"version-history":[{"count":1,"href":"https:\/\/www.confere.org.br\/wordpress\/wp-json\/wp\/v2\/posts\/3725\/revisions"}],"predecessor-version":[{"id":3727,"href":"https:\/\/www.confere.org.br\/wordpress\/wp-json\/wp\/v2\/posts\/3725\/revisions\/3727"}],"wp:featuredmedia":[{"embeddable":true,"href":"https:\/\/www.confere.org.br\/wordpress\/wp-json\/wp\/v2\/media\/3726"}],"wp:attachment":[{"href":"https:\/\/www.confere.org.br\/wordpress\/wp-json\/wp\/v2\/media?parent=3725"}],"wp:term":[{"taxonomy":"category","embeddable":true,"href":"https:\/\/www.confere.org.br\/wordpress\/wp-json\/wp\/v2\/categories?post=3725"},{"taxonomy":"post_tag","embeddable":true,"href":"https:\/\/www.confere.org.br\/wordpress\/wp-json\/wp\/v2\/tags?post=3725"}],"curies":[{"name":"wp","href":"https:\/\/api.w.org\/{rel}","templated":true}]}}