{"id":3728,"date":"2020-10-30T13:32:17","date_gmt":"2020-10-30T15:32:17","guid":{"rendered":"https:\/\/www.confere.org.br\/wordpress\/?p=3728"},"modified":"2020-10-30T13:32:17","modified_gmt":"2020-10-30T15:32:17","slug":"vendas-nos-shoppings-podem-alcancar-nivel-pre-pandemia-em-dezembro","status":"publish","type":"post","link":"https:\/\/www.confere.org.br\/wordpress\/vendas-nos-shoppings-podem-alcancar-nivel-pre-pandemia-em-dezembro\/","title":{"rendered":"Vendas nos shoppings podem alcan\u00e7ar n\u00edvel pr\u00e9-pandemia em dezembro"},"content":{"rendered":"\n<p>Nada mal para um segmento que teve todos os 577 empreendimentos fechados em abril, durante a quarentena, e que mesmo ap\u00f3s a reabertura nos meses seguintes ainda tem hor\u00e1rios restritos de funcionamento.<\/p>\n\n\n\n<p><strong>N\u00edveis<\/strong>. Levantamento da Associa\u00e7\u00e3o Brasileira de Shopping Centers (Abrasce) mostra que as vendas no fim de outubro chegaram a 82% do registrado no mesmo m\u00eas do ano passado. O balan\u00e7o da Multiplan, dona de 19 estabelecimentos, apresentou vendas em 80,8% dos n\u00edveis pr\u00e9-pandemia em outubro, com perspectiva de alcan\u00e7ar 85% em novembro.<\/p>\n\n\n\n<p><strong>Cautela 1<\/strong>. A estimativa de normaliza\u00e7\u00e3o das vendas, por\u00e9m, enfrenta riscos. Um deles \u00e9 a poss\u00edvel falta de produtos, j\u00e1 que as ind\u00fastrias ainda lidam com desabastecimento pelas paralisa\u00e7\u00f5es da quarentena e alta nos pre\u00e7os de insumos, comprometendo a retomada.<\/p>\n\n\n\n<p><strong>Cautela 2<\/strong>. Outro risco \u00e9 a potencial nova onda de contamina\u00e7\u00f5es no Brasil, como tem acontecido na Europa. Fran\u00e7a e Alemanha voltaram a limitar as horas de abertura e o fluxo em lojas, bares e restaurantes. <\/p>\n\n\n\n<p><br><br>Fonte: <a rel=\"noreferrer noopener\" aria-label=\"Estad\u00e3o (abre numa nova aba)\" href=\"https:\/\/economia.estadao.com.br\/blogs\/coluna-do-broad\/vendas-nos-shoppings-podem-alcancar-nivel-pre-pandemia-em-dezembro\/\" target=\"_blank\">Estad\u00e3o<\/a><\/p>\n","protected":false},"excerpt":{"rendered":"<p>A recupera\u00e7\u00e3o constante nas vendas nos shopping centers tem animado empres\u00e1rios do setor, que come\u00e7am a acreditar na possibilidade de encerrar o ano com um Natal saud\u00e1vel e vendas nos mesmos n\u00edveis do ano passado.<\/p>\n","protected":false},"author":3,"featured_media":3729,"comment_status":"closed","ping_status":"closed","sticky":false,"template":"","format":"standard","meta":[],"categories":[2],"tags":[],"_links":{"self":[{"href":"https:\/\/www.confere.org.br\/wordpress\/wp-json\/wp\/v2\/posts\/3728"}],"collection":[{"href":"https:\/\/www.confere.org.br\/wordpress\/wp-json\/wp\/v2\/posts"}],"about":[{"href":"https:\/\/www.confere.org.br\/wordpress\/wp-json\/wp\/v2\/types\/post"}],"author":[{"embeddable":true,"href":"https:\/\/www.confere.org.br\/wordpress\/wp-json\/wp\/v2\/users\/3"}],"replies":[{"embeddable":true,"href":"https:\/\/www.confere.org.br\/wordpress\/wp-json\/wp\/v2\/comments?post=3728"}],"version-history":[{"count":1,"href":"https:\/\/www.confere.org.br\/wordpress\/wp-json\/wp\/v2\/posts\/3728\/revisions"}],"predecessor-version":[{"id":3730,"href":"https:\/\/www.confere.org.br\/wordpress\/wp-json\/wp\/v2\/posts\/3728\/revisions\/3730"}],"wp:featuredmedia":[{"embeddable":true,"href":"https:\/\/www.confere.org.br\/wordpress\/wp-json\/wp\/v2\/media\/3729"}],"wp:attachment":[{"href":"https:\/\/www.confere.org.br\/wordpress\/wp-json\/wp\/v2\/media?parent=3728"}],"wp:term":[{"taxonomy":"category","embeddable":true,"href":"https:\/\/www.confere.org.br\/wordpress\/wp-json\/wp\/v2\/categories?post=3728"},{"taxonomy":"post_tag","embeddable":true,"href":"https:\/\/www.confere.org.br\/wordpress\/wp-json\/wp\/v2\/tags?post=3728"}],"curies":[{"name":"wp","href":"https:\/\/api.w.org\/{rel}","templated":true}]}}