{"id":3731,"date":"2020-11-03T09:06:19","date_gmt":"2020-11-03T11:06:19","guid":{"rendered":"https:\/\/www.confere.org.br\/wordpress\/?p=3731"},"modified":"2020-11-03T09:06:19","modified_gmt":"2020-11-03T11:06:19","slug":"novembro-azul-mes-de-combate-ao-cancer-de-prostata","status":"publish","type":"post","link":"https:\/\/www.confere.org.br\/wordpress\/novembro-azul-mes-de-combate-ao-cancer-de-prostata\/","title":{"rendered":"Novembro Azul &#8211; M\u00eas de combate ao c\u00e2ncer de pr\u00f3stata"},"content":{"rendered":"\n<p>Por isso, o Confere refor\u00e7a o movimento do Novembro Azul para alertar os homens sobre a import\u00e2ncia da preven\u00e7\u00e3o e do diagn\u00f3stico precoce do c\u00e2ncer de pr\u00f3stata, segunda principal causa de morte por c\u00e2ncer em homens no Brasil. <\/p>\n\n\n\n<p>O c\u00e2ncer de pr\u00f3stata ocorre principalmente em homens mais velhos. Seis em cada 10 casos s\u00e3o diagnosticados em homens com mais de 65 anos, sendo raro antes dos 40 anos. A m\u00e9dia de idade no momento do diagn\u00f3stico \u00e9 de 66 anos. <\/p>\n\n\n\n<p>Trata-se de uma doen\u00e7a grave, mas diagn\u00f3stico precoce aumenta as chances de cura em at\u00e9 90%. Por isso, fa\u00e7a os exames preventivos e cuide da sua sa\u00fade para continuar atuando e conquistando o seu espa\u00e7o no mercado de trabalho! <\/p>\n","protected":false},"excerpt":{"rendered":"<p>A representa\u00e7\u00e3o comercial exige dos profissionais certo dinamismo para atuar externamente, realizando visitas a clientes em diferentes lugares. E para que voc\u00ea continue sendo o n\u00famero 1 em vendas, sua sa\u00fade tem que vir em 1\u00ba lugar! <\/p>\n","protected":false},"author":3,"featured_media":3732,"comment_status":"closed","ping_status":"closed","sticky":false,"template":"","format":"standard","meta":[],"categories":[34,49],"tags":[],"_links":{"self":[{"href":"https:\/\/www.confere.org.br\/wordpress\/wp-json\/wp\/v2\/posts\/3731"}],"collection":[{"href":"https:\/\/www.confere.org.br\/wordpress\/wp-json\/wp\/v2\/posts"}],"about":[{"href":"https:\/\/www.confere.org.br\/wordpress\/wp-json\/wp\/v2\/types\/post"}],"author":[{"embeddable":true,"href":"https:\/\/www.confere.org.br\/wordpress\/wp-json\/wp\/v2\/users\/3"}],"replies":[{"embeddable":true,"href":"https:\/\/www.confere.org.br\/wordpress\/wp-json\/wp\/v2\/comments?post=3731"}],"version-history":[{"count":1,"href":"https:\/\/www.confere.org.br\/wordpress\/wp-json\/wp\/v2\/posts\/3731\/revisions"}],"predecessor-version":[{"id":3733,"href":"https:\/\/www.confere.org.br\/wordpress\/wp-json\/wp\/v2\/posts\/3731\/revisions\/3733"}],"wp:featuredmedia":[{"embeddable":true,"href":"https:\/\/www.confere.org.br\/wordpress\/wp-json\/wp\/v2\/media\/3732"}],"wp:attachment":[{"href":"https:\/\/www.confere.org.br\/wordpress\/wp-json\/wp\/v2\/media?parent=3731"}],"wp:term":[{"taxonomy":"category","embeddable":true,"href":"https:\/\/www.confere.org.br\/wordpress\/wp-json\/wp\/v2\/categories?post=3731"},{"taxonomy":"post_tag","embeddable":true,"href":"https:\/\/www.confere.org.br\/wordpress\/wp-json\/wp\/v2\/tags?post=3731"}],"curies":[{"name":"wp","href":"https:\/\/api.w.org\/{rel}","templated":true}]}}