{"id":3740,"date":"2020-11-03T17:49:00","date_gmt":"2020-11-03T19:49:00","guid":{"rendered":"https:\/\/www.confere.org.br\/wordpress\/?p=3740"},"modified":"2020-11-03T17:49:00","modified_gmt":"2020-11-03T19:49:00","slug":"setembro-registra-venda-media-diaria-de-r-295-bilhoes-20-maior-que-no-ano-passado","status":"publish","type":"post","link":"https:\/\/www.confere.org.br\/wordpress\/setembro-registra-venda-media-diaria-de-r-295-bilhoes-20-maior-que-no-ano-passado\/","title":{"rendered":"Setembro registra venda m\u00e9dia di\u00e1ria de R$ 29,5 bilh\u00f5es, 20% maior que no ano passado"},"content":{"rendered":"\n<p>A m\u00e9dia di\u00e1ria de vendas no Brasil em setembro, incluindo todos os setores (com\u00e9rcio, ind\u00fastria, servi\u00e7os), foi de R$ 29,5 bilh\u00f5es, valor 20% maior que o registrado no mesmo m\u00eas do ano passado e, portanto, antes \u00e0 pandemia, informou nesta ter\u00e7a-feira (3) a Receita Federal.<\/p>\n\n\n\n<p>Na compara\u00e7\u00e3o com agosto deste ano, o valor m\u00e9dio di\u00e1rio das vendas aumentou 10,2%. As n\u00fameros est\u00e3o em boletim e t\u00eam como base as notas fiscais eletr\u00f4nicas emitidas no per\u00edodo.<\/p>\n\n\n\n<p>De acordo com a Receita, o resultado de setembro tamb\u00e9m \u00e9 o mais expressivo de todo o ano de 2020. Na ind\u00fastria, as vendas cresceram 16% (<em>leia mais abaixo<\/em>).<\/p>\n\n\n\n<figure class=\"wp-block-image size-large\"><img width=\"642\" height=\"497\" src=\"https:\/\/www.confere.org.br\/wordpress\/wp-content\/uploads\/2020\/11\/image.png\" alt=\"\" class=\"wp-image-3741\" srcset=\"https:\/\/www.confere.org.br\/wordpress\/wp-content\/uploads\/2020\/11\/image.png 642w, https:\/\/www.confere.org.br\/wordpress\/wp-content\/uploads\/2020\/11\/image-300x232.png 300w\" sizes=\"(max-width: 642px) 100vw, 642px\" \/><\/figure>\n\n\n\n<p>O aumento expressivo nas vendas foi verificado em todas as regi\u00f5es do pa\u00eds, com destaque para a regi\u00e3o Norte, onde a alta foi de 33,1% em rela\u00e7\u00e3o ao mesmo m\u00eas do ano passado. <\/p>\n\n\n\n<ul><li><strong>Norte<\/strong>: m\u00e9dia di\u00e1ria de R$ 2,02 bilh\u00f5es, alta de 33,1%;<\/li><li><strong>Centro-Oeste<\/strong>: m\u00e9dia di\u00e1ria de R$ 3,71 bilh\u00f5es, alta de 26,5%<\/li><li><strong>Nordeste<\/strong>: m\u00e9dia di\u00e1ria de R$ 3,39 bilh\u00f5es, alta de 22,4%;<\/li><li><strong>Sul<\/strong>: m\u00e9dia di\u00e1ria de R$ 6,14 bilh\u00f5es, alta de 22%;<\/li><li><strong>Sudeste<\/strong>: m\u00e9dia di\u00e1ria de R$ 14,24 bilh\u00f5es, alta de 15,5%.<\/li><\/ul>\n\n\n\n<p>Esse aumento nas vendas ocorre em meio \u00e0 forte inje\u00e7\u00e3o de recursos pelo governo federal para minimizar os efeitos da pandemia da Covid-19 na economia brasileira. <\/p>\n\n\n\n<p>De acordo com o Siga Brasil, ferramenta do Senado onde \u00e9 poss\u00edvel pesquisar dados sobre execu\u00e7\u00e3o or\u00e7ament\u00e1ria, at\u00e9 o dia 1\u00ba de novembro&nbsp;o governo j\u00e1 havia desembolsado R$ 469,7 bilh\u00f5es em a\u00e7\u00f5es relacionadas ao enfrentamento da pandemia, a maior parte com o&nbsp;<a href=\"https:\/\/g1.globo.com\/economia\/auxilio-emergencial\/\">aux\u00edlio emergencial distribu\u00eddo a trabalhadores informais<\/a>: R$ 229 bilh\u00f5es.<\/p>\n\n\n\n<p>O pagamento do aux\u00edlio emergencial em meio \u00e0 pandemia tem sido apontado como um dos principais fatores de alavancagem das vendas de produtos b\u00e1sicos e tamb\u00e9m de&nbsp;<a href=\"https:\/\/g1.globo.com\/sp\/sao-jose-do-rio-preto-aracatuba\/mercado-imobiliario-do-interior\/noticia\/2020\/09\/22\/alta-demanda-provoca-aumento-nos-precos-e-falta-de-itens-no-setor-de-construcao-civil.ghtml\">material de constru\u00e7\u00e3o<\/a>.<\/p>\n\n\n\n<p>De acordo com o boletim da Receita, as vendas no seguimento de material de constru\u00e7\u00e3o somaram R$ 66,2 bilh\u00f5es em setembro, alta de 35,28% em rela\u00e7\u00e3o ao mesmo m\u00eas do ano passado.<\/p>\n\n\n\n<p>Esse aumento da demanda t\u00eam contribu\u00eddo para a disparada nos pre\u00e7os de alguns itens e&nbsp;<a href=\"https:\/\/g1.globo.com\/economia\/noticia\/2020\/10\/23\/ipca-15-previa-da-inflacao-oficial-acelera-a-094percent-em-outubro.ghtml\">tamb\u00e9m para pressionar a infla\u00e7\u00e3o<\/a>. Em resposta, na semana passada o ministro da Economia, Paulo Guedes, disse que&nbsp;<a href=\"https:\/\/g1.globo.com\/economia\/noticia\/2020\/10\/29\/governo-estuda-reduzir-imposto-de-importacao-para-material-de-construcao-diz-guedes.ghtml\">estuda reduzir o tributo sobre a importa\u00e7\u00e3o de material de constru\u00e7\u00e3o<\/a>.<\/p>\n\n\n\n<h4><br>Setores<\/h4>\n\n\n\n<p>De acordo com o boletim da Receita Federal, a venda m\u00e9dia di\u00e1ria da ind\u00fastria brasileira em setembro foi de R$ 15,6 bilh\u00f5es, valor que \u00e9 10% maior que o registrado em agosto deste ano e 16% maior que o verificado em setembro de 2019.<\/p>\n\n\n\n<p>J\u00e1 no com\u00e9rcio, a venda m\u00e9dia di\u00e1ria de R$ 11 bilh\u00f5es registrada em setembro \u00e9 10,7% superior \u00e0 de agosto e 24% maior que a de setembro do ano passado.<\/p>\n\n\n\n<p>Se considerado apenas o\u00a0com\u00e9rcio eletr\u00f4nico, informou a Receita, o aumento foi de 57,2% em rela\u00e7\u00e3o a setembro do ano passado. Na compara\u00e7\u00e3o com agosto deste ano, por\u00e9m, o boletim mostra que houve estabilidade (alta de 1,6%).<\/p>\n\n\n\n<p><br><br>Fonte: <a rel=\"noreferrer noopener\" aria-label=\"www.g1.globo.com (abre numa nova aba)\" href=\"https:\/\/g1.globo.com\/economia\/noticia\/2020\/11\/03\/setembro-registra-venda-media-diaria-de-r-295-bilhoes-20percent-maior-que-no-ano-passado.ghtml\" target=\"_blank\">www.g1.globo.com<\/a><\/p>\n","protected":false},"excerpt":{"rendered":"<p>Resultado de setembro \u00e9 o mais expressivo de 2020, de acordo com boletim da Receita que tem como base as notas fiscais eletr\u00f4nicas emitidas. Vendas da ind\u00fastria cresceram 16%.<\/p>\n","protected":false},"author":3,"featured_media":3657,"comment_status":"closed","ping_status":"closed","sticky":false,"template":"","format":"standard","meta":[],"categories":[2],"tags":[],"_links":{"self":[{"href":"https:\/\/www.confere.org.br\/wordpress\/wp-json\/wp\/v2\/posts\/3740"}],"collection":[{"href":"https:\/\/www.confere.org.br\/wordpress\/wp-json\/wp\/v2\/posts"}],"about":[{"href":"https:\/\/www.confere.org.br\/wordpress\/wp-json\/wp\/v2\/types\/post"}],"author":[{"embeddable":true,"href":"https:\/\/www.confere.org.br\/wordpress\/wp-json\/wp\/v2\/users\/3"}],"replies":[{"embeddable":true,"href":"https:\/\/www.confere.org.br\/wordpress\/wp-json\/wp\/v2\/comments?post=3740"}],"version-history":[{"count":1,"href":"https:\/\/www.confere.org.br\/wordpress\/wp-json\/wp\/v2\/posts\/3740\/revisions"}],"predecessor-version":[{"id":3742,"href":"https:\/\/www.confere.org.br\/wordpress\/wp-json\/wp\/v2\/posts\/3740\/revisions\/3742"}],"wp:featuredmedia":[{"embeddable":true,"href":"https:\/\/www.confere.org.br\/wordpress\/wp-json\/wp\/v2\/media\/3657"}],"wp:attachment":[{"href":"https:\/\/www.confere.org.br\/wordpress\/wp-json\/wp\/v2\/media?parent=3740"}],"wp:term":[{"taxonomy":"category","embeddable":true,"href":"https:\/\/www.confere.org.br\/wordpress\/wp-json\/wp\/v2\/categories?post=3740"},{"taxonomy":"post_tag","embeddable":true,"href":"https:\/\/www.confere.org.br\/wordpress\/wp-json\/wp\/v2\/tags?post=3740"}],"curies":[{"name":"wp","href":"https:\/\/api.w.org\/{rel}","templated":true}]}}