{"id":3754,"date":"2020-11-04T15:15:34","date_gmt":"2020-11-04T17:15:34","guid":{"rendered":"https:\/\/www.confere.org.br\/wordpress\/?p=3754"},"modified":"2022-11-18T10:53:54","modified_gmt":"2022-11-18T13:53:54","slug":"2020-portaria-no-43-2020","status":"publish","type":"post","link":"https:\/\/www.confere.org.br\/wordpress\/2020-portaria-no-43-2020\/","title":{"rendered":"2020 &#8211; Portaria n\u00ba 43\/2020"},"content":{"rendered":"\n<p>Prazo dos trabalhos \u00e0 Comiss\u00e3o Respons\u00e1vel pelo PAD n\u00ba 02\/2020, instaurado pela Portaria n\u00ba 39\/2020<\/p>\n\n\n\n<p><a href=\"https:\/\/www.confere.org.br\/wordpress\/wp-content\/uploads\/2020\/11\/Portaria-43-2020-Confere.pdf\" target=\"_blank\" rel=\"noreferrer noopener\" aria-label=\" (abre numa nova aba)\">https:\/\/www.confere.org.br\/wordpress\/wp-content\/uploads\/2020\/11\/Portaria-43-2020-Confere.pdf<\/a><\/p>\n","protected":false},"excerpt":{"rendered":"<p>43, Portaria, https:\/\/www.confere.org.br\/wordpress\/wp-content\/uploads\/2020\/11\/Portaria-43-2020-Confere.pdf<\/p>\n","protected":false},"author":3,"featured_media":0,"comment_status":"closed","ping_status":"closed","sticky":false,"template":"","format":"standard","meta":[],"categories":[52],"tags":[],"_links":{"self":[{"href":"https:\/\/www.confere.org.br\/wordpress\/wp-json\/wp\/v2\/posts\/3754"}],"collection":[{"href":"https:\/\/www.confere.org.br\/wordpress\/wp-json\/wp\/v2\/posts"}],"about":[{"href":"https:\/\/www.confere.org.br\/wordpress\/wp-json\/wp\/v2\/types\/post"}],"author":[{"embeddable":true,"href":"https:\/\/www.confere.org.br\/wordpress\/wp-json\/wp\/v2\/users\/3"}],"replies":[{"embeddable":true,"href":"https:\/\/www.confere.org.br\/wordpress\/wp-json\/wp\/v2\/comments?post=3754"}],"version-history":[{"count":1,"href":"https:\/\/www.confere.org.br\/wordpress\/wp-json\/wp\/v2\/posts\/3754\/revisions"}],"predecessor-version":[{"id":3755,"href":"https:\/\/www.confere.org.br\/wordpress\/wp-json\/wp\/v2\/posts\/3754\/revisions\/3755"}],"wp:attachment":[{"href":"https:\/\/www.confere.org.br\/wordpress\/wp-json\/wp\/v2\/media?parent=3754"}],"wp:term":[{"taxonomy":"category","embeddable":true,"href":"https:\/\/www.confere.org.br\/wordpress\/wp-json\/wp\/v2\/categories?post=3754"},{"taxonomy":"post_tag","embeddable":true,"href":"https:\/\/www.confere.org.br\/wordpress\/wp-json\/wp\/v2\/tags?post=3754"}],"curies":[{"name":"wp","href":"https:\/\/api.w.org\/{rel}","templated":true}]}}