{"id":3756,"date":"2020-11-05T10:25:39","date_gmt":"2020-11-05T12:25:39","guid":{"rendered":"https:\/\/www.confere.org.br\/wordpress\/?p=3756"},"modified":"2020-11-05T10:25:39","modified_gmt":"2020-11-05T12:25:39","slug":"micro-e-pequenas-empresas-contratam-443-mil-no-terceiro-trimestre","status":"publish","type":"post","link":"https:\/\/www.confere.org.br\/wordpress\/micro-e-pequenas-empresas-contratam-443-mil-no-terceiro-trimestre\/","title":{"rendered":"Micro e pequenas empresas contratam 443 mil no terceiro trimestre"},"content":{"rendered":"\n<p>As micro e pequenas empresas mostram recupera\u00e7\u00e3o de f\u00f4lego ap\u00f3s o pior per\u00edodo da crise econ\u00f4mica, entre os meses de mar\u00e7o e junho. O segmento foi o que mais demitiu no pior momento da pandemia de covid-19 no Brasil, fechando pouco mais de 1 milh\u00e3o de postos de trabalho, contra aproximadamente 605 mil das m\u00e9dias e grandes empresas.<\/p>\n\n\n\n<p>No entanto, as micro e pequenas empresas geraram 443 mil empregos nos meses de julho, agosto e setembro, enquanto as maiores criaram 245 mil vagas no mesmo per\u00edodo.<\/p>\n\n\n\n<p>O levantamento, feito pelo Servi\u00e7o Brasileiro de Apoio \u00e0s Micro e Pequenas Empresas (Sebrae), mostra a r\u00e1pida capacidade de rea\u00e7\u00e3o das micro e pequenas empresas diante de crises. Considerando o acumulado do ano (incluindo os meses anteriores \u00e0 chegada da covid-19), os dados mostram que, entre demiss\u00f5es e contrata\u00e7\u00f5es, as pequenas empresas tiveram saldo melhor, com cerca de 40 mil demiss\u00f5es a menos que as m\u00e9dias e grandes empresas.<\/p>\n\n\n\n<p>\u201cAs micro e pequenas empresas s\u00e3o o motor da economia. Para sairmos mais rapidamente da crise, ser\u00e1 fundamental continuar apoiando esses empres\u00e1rios. Isso passa por uma s\u00e9rie de medidas, desde o apoio para que as empresas consigam digitalizar suas vendas at\u00e9 a amplia\u00e7\u00e3o da oferta de cr\u00e9dito, que \u00e9 um oxig\u00eanio vital para mant\u00ea-las operando\u201d, afirmou o presidente do Sebrae, Carlos Melles.<\/p>\n\n\n\n<p><br><br>Fonte: <a rel=\"noreferrer noopener\" aria-label=\"Ag\u00eancia Brasil (abre numa nova aba)\" href=\"https:\/\/agenciabrasil.ebc.com.br\/economia\/noticia\/2020-11\/micro-e-pequenas-empresas-contratam-443-mil-no-terceiro-trimestre\" target=\"_blank\">Ag\u00eancia Brasil<\/a><\/p>\n","protected":false},"excerpt":{"rendered":"<p>Segmento mostra maior potencial de recupera\u00e7\u00e3o do que m\u00e9dias e grandes<\/p>\n","protected":false},"author":3,"featured_media":3452,"comment_status":"closed","ping_status":"closed","sticky":false,"template":"","format":"standard","meta":[],"categories":[2],"tags":[],"_links":{"self":[{"href":"https:\/\/www.confere.org.br\/wordpress\/wp-json\/wp\/v2\/posts\/3756"}],"collection":[{"href":"https:\/\/www.confere.org.br\/wordpress\/wp-json\/wp\/v2\/posts"}],"about":[{"href":"https:\/\/www.confere.org.br\/wordpress\/wp-json\/wp\/v2\/types\/post"}],"author":[{"embeddable":true,"href":"https:\/\/www.confere.org.br\/wordpress\/wp-json\/wp\/v2\/users\/3"}],"replies":[{"embeddable":true,"href":"https:\/\/www.confere.org.br\/wordpress\/wp-json\/wp\/v2\/comments?post=3756"}],"version-history":[{"count":1,"href":"https:\/\/www.confere.org.br\/wordpress\/wp-json\/wp\/v2\/posts\/3756\/revisions"}],"predecessor-version":[{"id":3757,"href":"https:\/\/www.confere.org.br\/wordpress\/wp-json\/wp\/v2\/posts\/3756\/revisions\/3757"}],"wp:featuredmedia":[{"embeddable":true,"href":"https:\/\/www.confere.org.br\/wordpress\/wp-json\/wp\/v2\/media\/3452"}],"wp:attachment":[{"href":"https:\/\/www.confere.org.br\/wordpress\/wp-json\/wp\/v2\/media?parent=3756"}],"wp:term":[{"taxonomy":"category","embeddable":true,"href":"https:\/\/www.confere.org.br\/wordpress\/wp-json\/wp\/v2\/categories?post=3756"},{"taxonomy":"post_tag","embeddable":true,"href":"https:\/\/www.confere.org.br\/wordpress\/wp-json\/wp\/v2\/tags?post=3756"}],"curies":[{"name":"wp","href":"https:\/\/api.w.org\/{rel}","templated":true}]}}