{"id":3770,"date":"2020-11-09T08:54:03","date_gmt":"2020-11-09T10:54:03","guid":{"rendered":"https:\/\/www.confere.org.br\/wordpress\/?p=3770"},"modified":"2020-11-09T08:54:37","modified_gmt":"2020-11-09T10:54:37","slug":"ibge-revisa-para-18-crescimento-do-pib-de-2018","status":"publish","type":"post","link":"https:\/\/www.confere.org.br\/wordpress\/ibge-revisa-para-18-crescimento-do-pib-de-2018\/","title":{"rendered":"IBGE revisa para 1,8% crescimento do PIB de 2018"},"content":{"rendered":"\n<p>O&nbsp;Instituto Brasileiro de Geografia e Estat\u00edstica (IBGE) informou que o crescimento do Produto Interno Bruto (PIB, soma dos bens e servi\u00e7os produzidos no pa\u00eds) em 2018 foi revisado de 1,3% para 1,8%. \u201cEssa revis\u00e3o decorreu, principalmente, da incorpora\u00e7\u00e3o de novos dados, advindos da Pesquisa Anual de Servi\u00e7os (PAS) e de dados do Imposto de Renda, para o conjunto das atividades de servi\u00e7os (+0,6%), em particular para outras atividades de servi\u00e7os (+2,0%). Os servi\u00e7os respondem por cerca de dois ter\u00e7os da economia brasileira\u201d, explicou o IBGE.<\/p>\n\n\n\n<p>De acordo com o instituto, as altas foram insuficientes para reverter a queda acumulada no bi\u00eanio 2015-2016, de 6,7%. Em valores correntes, o PIB em 2018 atingiu R$ 7,004 trilh\u00f5es, o que equivale a um PIB<em>&nbsp;per capita<\/em>&nbsp;de R$ 33.593,82, que cresceu 1,0%. Conforme o IBGE, esse patamar \u00e9 pr\u00f3ximo, em termos reais, ao observado em 2010.<\/p>\n\n\n\n<p>O IBGE informou que o crescimento em 2018 foi resultado de um aumento de 1,8% do Valor Adicionado Bruto (VAB), com destaque para o grupo servi\u00e7os, que cresceu 2,1%. \u201cEm 2018, 11 dos 12 grupos de atividades econ\u00f4micas registraram crescimento ou estabilidade, sendo a \u00fanica queda registrada na atividade Constru\u00e7\u00e3o\u201d.<\/p>\n\n\n\n<p>O consumo das fam\u00edlias avan\u00e7ou 2,3% e, em termos nominais, e a despesa de consumo final do governo cresceu 4,9%.<\/p>\n\n\n\n<p>A agropecu\u00e1ria cresceu 1,3% e contribuiu com 0,1 ponto percentual para o crescimento do Valor Adicionado. A ind\u00fastria teve varia\u00e7\u00e3o positiva de 0,7%, contribuindo com 0,2 ponto percentual. J\u00e1 os servi\u00e7os, que respondem por dois ter\u00e7os da economia brasileira, cresceram 2,1% e foram respons\u00e1veis por 1,5 ponto percentual dos 1,8% de crescimento do VAB.&nbsp;<\/p>\n\n\n\n<p>Nas outras atividades de servi\u00e7os, houve varia\u00e7\u00e3o positiva de 3,5% ou 0,6 ponto percentual no crescimento do VAB. O destaque foi para os servi\u00e7os de alimenta\u00e7\u00e3o (+4,9%), sa\u00fade privada (+4,4%) e outras atividades administrativas e servi\u00e7os complementares (+3,3%).<\/p>\n\n\n\n<p>O com\u00e9rcio subiu 2,6% e contribuiu com 0,3 ponto percentual para o crescimento. O comportamento foi influenciado pelo com\u00e9rcio de ve\u00edculos, que registrou alta no volume das margens de comercializa\u00e7\u00e3o de autom\u00f3veis (+16,4%), caminh\u00f5es (+63,5%) e pe\u00e7as para ve\u00edculos (+8,3%).<\/p>\n\n\n\n<p>As atividades imobili\u00e1rias avan\u00e7aram 3,3% ou 0,3 p.p. no crescimento do VAB e sofreram impacto, principalmente, do crescimento da produ\u00e7\u00e3o do aluguel efetivo e servi\u00e7os imobili\u00e1rios (4,0%) e do aluguel imputado (2,9%).<\/p>\n\n\n\n<p>A atividade de eletricidade e g\u00e1s, \u00e1gua, esgoto, atividades de gest\u00e3o de res\u00edduos subiu 3,7%, em grande parte por causa do aumento em volume da produ\u00e7\u00e3o (+1,9%) acima do consumo intermedi\u00e1rio (+0,5%), em consequ\u00eancia do menor uso das termel\u00e9tricas em rela\u00e7\u00e3o a 2017.<\/p>\n\n\n\n<p>A constru\u00e7\u00e3o, que mant\u00e9m desde 2014 uma s\u00e9rie de resultados negativos, foi o \u00fanico grupo de atividades com queda em volume no VAB em 2018, com desempenho de -3,0%<\/p>\n\n\n\n<p>Depois de quatro anos seguidos de queda, a forma\u00e7\u00e3o bruta de capital fixo (FBCF) da economia brasileira registrou seu primeiro resultado positivo (5,2%) e somou R$ 1,1 trilh\u00e3o em 2018. A taxa de investimento (FBCF\/PIB) teve eleva\u00e7\u00e3o de 0,5 p.p. em rela\u00e7\u00e3o ao ano de 2017 e atingiu 15,1%. Naquele ano tinha anotado a menor taxa da s\u00e9rie iniciada em 1995.<\/p>\n\n\n\n<p>As informa\u00e7\u00f5es integram o Sistema de Contas Nacionais 2018, que agrega novos dados, mais amplos e detalhados, do pr\u00f3prio IBGE e de fontes externas, que revisam as Contas Nacionais Trimestrais.<\/p>\n\n\n\n<p><br><br>Fonte: <a rel=\"noreferrer noopener\" aria-label=\"Ag\u00eancia Brasil (abre numa nova aba)\" href=\"https:\/\/agenciabrasil.ebc.com.br\/economia\/noticia\/2020-11\/ibge-revisa-para-18-crescimento-do-pib-de-2018\" target=\"_blank\">Ag\u00eancia Brasil<\/a><\/p>\n","protected":false},"excerpt":{"rendered":"<p>Incorpora\u00e7\u00e3o de novos dados alterou a taxa<\/p>\n","protected":false},"author":3,"featured_media":3647,"comment_status":"closed","ping_status":"closed","sticky":false,"template":"","format":"standard","meta":[],"categories":[2],"tags":[],"_links":{"self":[{"href":"https:\/\/www.confere.org.br\/wordpress\/wp-json\/wp\/v2\/posts\/3770"}],"collection":[{"href":"https:\/\/www.confere.org.br\/wordpress\/wp-json\/wp\/v2\/posts"}],"about":[{"href":"https:\/\/www.confere.org.br\/wordpress\/wp-json\/wp\/v2\/types\/post"}],"author":[{"embeddable":true,"href":"https:\/\/www.confere.org.br\/wordpress\/wp-json\/wp\/v2\/users\/3"}],"replies":[{"embeddable":true,"href":"https:\/\/www.confere.org.br\/wordpress\/wp-json\/wp\/v2\/comments?post=3770"}],"version-history":[{"count":1,"href":"https:\/\/www.confere.org.br\/wordpress\/wp-json\/wp\/v2\/posts\/3770\/revisions"}],"predecessor-version":[{"id":3771,"href":"https:\/\/www.confere.org.br\/wordpress\/wp-json\/wp\/v2\/posts\/3770\/revisions\/3771"}],"wp:featuredmedia":[{"embeddable":true,"href":"https:\/\/www.confere.org.br\/wordpress\/wp-json\/wp\/v2\/media\/3647"}],"wp:attachment":[{"href":"https:\/\/www.confere.org.br\/wordpress\/wp-json\/wp\/v2\/media?parent=3770"}],"wp:term":[{"taxonomy":"category","embeddable":true,"href":"https:\/\/www.confere.org.br\/wordpress\/wp-json\/wp\/v2\/categories?post=3770"},{"taxonomy":"post_tag","embeddable":true,"href":"https:\/\/www.confere.org.br\/wordpress\/wp-json\/wp\/v2\/tags?post=3770"}],"curies":[{"name":"wp","href":"https:\/\/api.w.org\/{rel}","templated":true}]}}