{"id":3775,"date":"2020-11-11T14:18:36","date_gmt":"2020-11-11T16:18:36","guid":{"rendered":"https:\/\/www.confere.org.br\/wordpress\/?p=3775"},"modified":"2020-11-11T14:18:36","modified_gmt":"2020-11-11T16:18:36","slug":"vendas-do-comercio-crescem-06-em-setembro-diz-ibge","status":"publish","type":"post","link":"https:\/\/www.confere.org.br\/wordpress\/vendas-do-comercio-crescem-06-em-setembro-diz-ibge\/","title":{"rendered":"Vendas do com\u00e9rcio crescem 0,6% em setembro, diz IBGE"},"content":{"rendered":"\n<p>O volume de vendas do com\u00e9rcio varejista brasileiro cresceu 0,6% na passagem&nbsp;de agosto&nbsp;para setembro deste ano. Essa \u00e9 a&nbsp;quinta&nbsp;alta consecutiva do setor, que vem apresentando avan\u00e7os desde maio.<\/p>\n\n\n\n<p>Com isso, o patamar do com\u00e9rcio varejista, que j\u00e1 havia atingido seu n\u00edvel recorde no m\u00eas&nbsp;de agosto, continua em crescimento. Os dados&nbsp;da Pesquisa Mensal de Com\u00e9rcio&nbsp;foram&nbsp;divulgado&nbsp;hoje&nbsp;(11) pelo Instituto Brasileiro de Geografia e Estat\u00edstica (IBGE).&nbsp;<\/p>\n\n\n\n<p>As vendas do com\u00e9rcio tamb\u00e9m tiveram alta de 2,8% na m\u00e9dia m\u00f3vel trimestral, de 7,3% na compara\u00e7\u00e3o com setembro de 2019 e de 0,9% no acumulado de 12 meses. No acumulado do ano, apresenta estabilidade.<\/p>\n\n\n\n<p>Na compara\u00e7\u00e3o com agosto deste ano, houve alta em cinco das oito atividades pesquisadas: livros, jornais, revistas e artigos de papelaria (8,9%); combust\u00edveis e lubrificantes (3,1%); artigos farmac\u00eauticos, m\u00e9dicos, ortop\u00e9dicos e de perfumaria (2,1%); equipamentos e materiais para escrit\u00f3rio, inform\u00e1tica e comunica\u00e7\u00e3o (1,1%) e m\u00f3veis e eletrodom\u00e9sticos (1%).<\/p>\n\n\n\n<p>Tr\u00eas atividades tiveram queda no per\u00edodo: tecidos, vestu\u00e1rio e cal\u00e7ados (-2,4%); outros artigos de uso pessoal e&nbsp;dom\u00e9stico (-0,6%); e supermercados, produtos aliment\u00edcios, bebidas e fumo (-0,4%).<\/p>\n\n\n\n<p>No varejo ampliado, que tamb\u00e9m analisa os segmentos de ve\u00edculos e de material de constru\u00e7\u00e3o, o volume de vendas cresceu 1,2% em rela\u00e7\u00e3o a agosto deste ano, tamb\u00e9m a&nbsp;quinta&nbsp;varia\u00e7\u00e3o positiva consecutiva. Os ve\u00edculos, motos, partes e pe\u00e7as tiveram crescimento de 5,2% e os materiais de constru\u00e7\u00e3o, de 2,6%.<\/p>\n\n\n\n<p>O varejo ampliado tamb\u00e9m teve altas de 4% na m\u00e9dia m\u00f3vel e de 7,4% na compara\u00e7\u00e3o com setembro de 2019. Mas teve quedas de 3,6% no acumulado do ano e de 1,4% em 12 meses.<\/p>\n\n\n\n<p>Na receita nominal, o com\u00e9rcio varejista teve altas de 2,1% na compara\u00e7\u00e3o com agosto, de 13,4% em rela\u00e7\u00e3o a setembro de 2019, de 3,6% no acumulado do ano e de 4,2% no acumulado de 12 meses.<\/p>\n\n\n\n<p><br><br>Fonte: <a rel=\"noreferrer noopener\" aria-label=\"Ag\u00eancia Brasil (abre numa nova aba)\" href=\"https:\/\/agenciabrasil.ebc.com.br\/economia\/noticia\/2020-11\/vendas-do-comercio-crescem-06-em-setembro-diz-ibge\" target=\"_blank\">Ag\u00eancia Brasil<\/a><\/p>\n","protected":false},"excerpt":{"rendered":"<p>Setor volta a atingir patamar recorde<\/p>\n","protected":false},"author":3,"featured_media":3729,"comment_status":"closed","ping_status":"closed","sticky":false,"template":"","format":"standard","meta":[],"categories":[2],"tags":[],"_links":{"self":[{"href":"https:\/\/www.confere.org.br\/wordpress\/wp-json\/wp\/v2\/posts\/3775"}],"collection":[{"href":"https:\/\/www.confere.org.br\/wordpress\/wp-json\/wp\/v2\/posts"}],"about":[{"href":"https:\/\/www.confere.org.br\/wordpress\/wp-json\/wp\/v2\/types\/post"}],"author":[{"embeddable":true,"href":"https:\/\/www.confere.org.br\/wordpress\/wp-json\/wp\/v2\/users\/3"}],"replies":[{"embeddable":true,"href":"https:\/\/www.confere.org.br\/wordpress\/wp-json\/wp\/v2\/comments?post=3775"}],"version-history":[{"count":1,"href":"https:\/\/www.confere.org.br\/wordpress\/wp-json\/wp\/v2\/posts\/3775\/revisions"}],"predecessor-version":[{"id":3776,"href":"https:\/\/www.confere.org.br\/wordpress\/wp-json\/wp\/v2\/posts\/3775\/revisions\/3776"}],"wp:featuredmedia":[{"embeddable":true,"href":"https:\/\/www.confere.org.br\/wordpress\/wp-json\/wp\/v2\/media\/3729"}],"wp:attachment":[{"href":"https:\/\/www.confere.org.br\/wordpress\/wp-json\/wp\/v2\/media?parent=3775"}],"wp:term":[{"taxonomy":"category","embeddable":true,"href":"https:\/\/www.confere.org.br\/wordpress\/wp-json\/wp\/v2\/categories?post=3775"},{"taxonomy":"post_tag","embeddable":true,"href":"https:\/\/www.confere.org.br\/wordpress\/wp-json\/wp\/v2\/tags?post=3775"}],"curies":[{"name":"wp","href":"https:\/\/api.w.org\/{rel}","templated":true}]}}