{"id":3777,"date":"2020-11-12T11:15:24","date_gmt":"2020-11-12T13:15:24","guid":{"rendered":"https:\/\/www.confere.org.br\/wordpress\/?p=3777"},"modified":"2020-11-12T11:15:25","modified_gmt":"2020-11-12T13:15:25","slug":"setor-de-servicos-tem-4a-alta-seguida-mas-segue-abaixo-do-nivel-pre-pandemia","status":"publish","type":"post","link":"https:\/\/www.confere.org.br\/wordpress\/setor-de-servicos-tem-4a-alta-seguida-mas-segue-abaixo-do-nivel-pre-pandemia\/","title":{"rendered":"Setor de servi\u00e7os tem 4\u00aa alta seguida, mas segue abaixo do n\u00edvel pr\u00e9-pandemia"},"content":{"rendered":"\n<p>O&nbsp;volume de servi\u00e7os prestados no Brasil cresceu 1,8% em setembro, na compara\u00e7\u00e3o com agosto, segundo divulgou nesta quinta-feira (12) o Instituto Brasileiro de Geografia e Estat\u00edstica (IBGE). Apesar de engatar a quarta alta seguida, o setor ainda n\u00e3o conseguiu recuperar o patamar pr\u00e9-pandemia e continua mostrando recupera\u00e7\u00e3o mais lenta do que a observada no com\u00e9rcio e ind\u00fastria.<\/p>\n\n\n\n<blockquote class=\"wp-block-quote\"><p>&#8220;O volume de servi\u00e7os ainda se encontra 18,3% abaixo do recorde hist\u00f3rico, alcan\u00e7ado em novembro de 2014 e 8% abaixo de fevereiro de 2020&#8221;, informou o IBGE, destacando que o ganho acumulado de 13,4% em 4 meses foi insuficiente para compensar a perda acumulada de 19,8% entre fevereiro e maio.<\/p><\/blockquote>\n\n\n\n<p>Embora o ritmo de recupera\u00e7\u00e3o tenha desacelerado em rela\u00e7\u00e3o aos meses anteriores, o avan\u00e7o de 1,8% foi a maior alta para um m\u00eas de setembro da s\u00e9rie hist\u00f3rica iniciada em 2011.<br><\/p>\n\n\n\n<figure class=\"wp-block-image\"><img src=\"https:\/\/s2.glbimg.com\/unS4gny4HHA5sQ2qKicJ2peTG9Y=\/0x0:1340x914\/1008x0\/smart\/filters:strip_icc()\/i.s3.glbimg.com\/v1\/AUTH_59edd422c0c84a879bd37670ae4f538a\/internal_photos\/bs\/2020\/i\/o\/iuQhJrR6qfHgKT3GQABA\/4rydg-volume-de-servi-os-m-s-a-m-s.png\" alt=\"Volume de servi\u00e7os m\u00eas a m\u00eas \u2014 Foto: Economia G1\"\/><\/figure>\n\n\n\n<p><br>Em rela\u00e7\u00e3o a setembro de 2019, o setor recuou 7,2%, a s\u00e9tima taxa negativa seguida nessa base de compara\u00e7\u00e3o.<\/p>\n\n\n\n<blockquote class=\"wp-block-quote\"><p>Segundo o gerente da pesquisa, Rodrigo Lobo, o setor de servi\u00e7os ainda precisa avan\u00e7ar 8,7% para recuperar o patamar de fevereiro.<\/p><\/blockquote>\n\n\n\n<h4><br>Perda de 8,8% no acumulado no ano e queda recorde em 12 meses<\/h4>\n\n\n\n<p>No acumulado no ano, setor ainda tem queda de 8,8% frente ao mesmo per\u00edodo do ano passado, maior perda j\u00e1 registrada para meses de setembro em toda a s\u00e9rie hist\u00f3rica, iniciada em dezembro de 2012.<\/p>\n\n\n\n<p>Em 12 meses at\u00e9 setembro, a perda acelerou para uma taxa recorde de -6%, vindo de -5,3% em agosto, chegando tamb\u00e9m ao resultado negativo mais intenso da s\u00e9rie deste indicador,.<\/p>\n\n\n\n<h4><br>Desempenho por segmento<\/h4>\n\n\n\n<p>Setorialmente, 4 das 5 atividades mostraram avan\u00e7o no volume na passagem de agosto para setembro. Apenas servi\u00e7os profissionais, administrativos e complementares (-0,6%) tiveram resultado negativo.<\/p>\n\n\n\n<p><strong>Varia\u00e7\u00e3o do volume de servi\u00e7os em setembro, por atividade e subgrupos:<\/strong><\/p>\n\n\n\n<ul><li><strong>Servi\u00e7os prestados \u00e0s fam\u00edlias: 9%<\/strong><\/li><li>Servi\u00e7os de alojamento e alimenta\u00e7\u00e3o: 9,1%<\/li><li>Outros servi\u00e7os prestados \u00e0s fam\u00edlias: 10,9%<\/li><li><strong>Servi\u00e7os de informa\u00e7\u00e3o e comunica\u00e7\u00e3o: 2%<\/strong><\/li><li>Servi\u00e7os de tecnologia da informa\u00e7\u00e3o e comunica\u00e7\u00e3o: 1,4%<\/li><li>Telecomunica\u00e7\u00f5es: 0,3%<\/li><li>Servi\u00e7os de tecnologia da informa\u00e7\u00e3o: 3,2%<\/li><li>Servi\u00e7os audiovisuais: 5,6%<\/li><li><strong>Servi\u00e7os profissionais, administrativos e complementares: -0,6%<\/strong><\/li><li>Servi\u00e7os t\u00e9cnico-profissionais: -1,9%<\/li><li>Servi\u00e7os administrativos e complementares: 1,1%<\/li><li><strong>Transportes, servi\u00e7os auxiliares aos transportes e correio: 1,1%<\/strong><\/li><li>Transporte terrestre: 2,3%<\/li><li>Transporte aquavi\u00e1rio: 3,1%<\/li><li>Transporte a\u00e9reo: 19,2%<\/li><li>Armazenagem, servi\u00e7os auxiliares aos transportes e correio: -2,9%<\/li><li><strong>Outros servi\u00e7os: 4,8%<\/strong><\/li><\/ul>\n\n\n\n<p>O setor de outros servi\u00e7os, que avan\u00e7ou 4,8% na compara\u00e7\u00e3o com o m\u00eas anterior, alcan\u00e7ou 6,1% no acumulado do ano, foi o \u00fanico a superar o n\u00edvel pr\u00e9-pandemia, refletindo a alta nos servi\u00e7os financeiros e auxiliares.<\/p>\n\n\n\n<blockquote class=\"wp-block-quote\"><p>&#8220;As empresas nesse segmento v\u00eam obtendo incrementos de receita desde o segundo semestre de 2018 em fun\u00e7\u00e3o da redu\u00e7\u00e3o consistente da taxa Selic, que reduziu os ganhos com a poupan\u00e7a e levou os agentes econ\u00f4micos a buscarem alternativas mais atraentes de investimentos, sejam de renda fixa ou vari\u00e1vel. Neste sentido, empresas que atuam como intermedi\u00e1rias desse processo de capta\u00e7\u00e3o recursos, tais como as corretoras de t\u00edtulos e as administradoras de bolsas de valores, t\u00eam obtido ganhos expressivos de receita por conta da maior procura por ativos de maior rentabilidade\u201d, explicou Lobo.<\/p><\/blockquote>\n\n\n\n<h4><br>Servi\u00e7os prestados \u00e0s fam\u00edlias acumulam queda 38,6% no ano<\/h4>\n\n\n\n<p>Os servi\u00e7os prestados \u00e0s fam\u00edlias acumulam retra\u00e7\u00e3o de -38,6% no ano, sendo que o segmento de servi\u00e7os de alojamento e alimenta\u00e7\u00e3o \u00e9 o que acumula a maior queda do setor: -40,2%.<\/p>\n\n\n\n<p>Segundo o IBGE, os servi\u00e7os prestados \u00e0s fam\u00edlias s\u00e3o o segmento que ainda mais precisa avan\u00e7ar para voltar ao patamar pr\u00e9-pandemia: 55,9%.<\/p>\n\n\n\n<blockquote class=\"wp-block-quote\"><p>\u201cMuitos trabalhadores ainda est\u00e3o exercendo suas fun\u00e7\u00f5es fora do local de trabalho e ainda h\u00e1 muitas pessoas que n\u00e3o est\u00e3o saindo de casa nem viajando. Por isso, estabelecimentos como restaurantes e hot\u00e9is, al\u00e9m do transporte de passageiros ainda n\u00e3o est\u00e3o funcionando em plena capacidade, atuando como limitadores de um processo mais acelerado de retomada tanto dos servi\u00e7os prestados \u00e0s fam\u00edlias como do setor de transportes como um todo\u201d, destacou Lobo.<\/p><\/blockquote>\n\n\n\n<h4><br>Alta de 8,6% no 3\u00ba trimestre<\/h4>\n\n\n\n<p>Ap\u00f3s duas taxas negativas seguidas, o setor de servi\u00e7os avan\u00e7ou 8,6% na passagem do segundo para o terceiro trimestre.<\/p>\n\n\n\n<p>No segundo trimestre, a queda havia sido de 15,5%, a mais intensa de toda a s\u00e9rie hist\u00f3rica da pesquisa. J\u00e1 no primeiro trimestre, a queda havia sido de 2,9%.<\/p>\n\n\n\n<p>&#8220;Nos dois primeiros trimestres, tivemos uma queda acumulada de 18%. Ent\u00e3o, apesar da taxa positiva do terceiro trimestre, ainda \u00e9 um crescimento insuficiente para reverter as perdas passadas&#8221;, apontou o pesquisador.<\/p>\n\n\n\n<h4><br>Recupera\u00e7\u00e3o e perspectivas<\/h4>\n\n\n\n<p>Ap\u00f3s o&nbsp;<a href=\"https:\/\/especiais.g1.globo.com\/economia\/2020\/pib-brasil-em-recessao\/#\/\" target=\"_blank\" rel=\"noreferrer noopener\">forte tombo da economia no 1\u00ba semestre<\/a>, a atividade econ\u00f4mica vem mostrando rea\u00e7\u00e3o no 3\u00ba trimestre, mas com um desempenho desigual entre os setores.<\/p>\n\n\n\n<p>O setor de servi\u00e7os foi o mais abalados pela pandemia de coronav\u00edrus e continua mostrando um n\u00edvel de atividade bem menor do que o observado no com\u00e9rcio e na ind\u00fastria, sobretudo nas atividades que envolvem atendimento presencial.<\/p>\n\n\n\n<p>Na quarta-feira, o IBGE mostrou que o&nbsp;<a href=\"https:\/\/g1.globo.com\/economia\/noticia\/2020\/11\/11\/vendas-do-varejo-crescem-06percent-em-setembro-diz-ibge.ghtml\">com\u00e9rcio varejista cresceu pelo 5\u00ba m\u00eas seguido em setembro, zerando as perdas no ano<\/a>. A ind\u00fastria tamb\u00e9m cravou a quinta alta seguida em em setembro, eliminando completamente as perdas registradas entre mar\u00e7o e abril.&nbsp;<a href=\"https:\/\/g1.globo.com\/economia\/noticia\/2020\/11\/04\/producao-industrial-cresce-26percent-em-setembro-e-elimina-perdas-da-pandemia.ghtml\">No acumulado no ano, por\u00e9m, ainda acumula perda de 7,2%<\/a>.<\/p>\n\n\n\n<p>Analistas apontam que o desemprego elevado e perspectiva de t\u00e9rmino dos programas de aux\u00edlio devem limitar o ritmo de recupera\u00e7\u00e3o da economia na virada de ano. Pesam tamb\u00e9m nas perspectivas para o pa\u00eds, as incertezas ainda elevadas sobre a evolu\u00e7\u00e3o da pandemia de coronav\u00edrus e as preocupa\u00e7\u00f5es com a sa\u00fade das contas p\u00fablicas.<\/p>\n\n\n\n<p>O&nbsp;<a href=\"https:\/\/g1.globo.com\/economia\/noticia\/2020\/11\/03\/confianca-empresarial-recua-em-outubro-apos-5-altas-consecutivas.ghtml\">\u00cdndice de Confian\u00e7a Empresarial (ICE) da Funda\u00e7\u00e3o Getulio Vargas (FGV) recuou 0,4 ponto em outubro, para 97,1 pontos, ap\u00f3s 5 altas mensais consecutivas<\/a>.<\/p>\n\n\n\n<p>A\u00a0<a href=\"https:\/\/g1.globo.com\/economia\/noticia\/2020\/11\/09\/economistas-do-mercado-elevam-estimativa-de-inflacao-para-320percent-em-2020.ghtml\">estimativa atual do mercado \u00e9 de um tombo de 4,8% em 2020 e alta de 3,31% em 2021<\/a>, segundo a \u00faltima pesquisa Focus do Banco Central.<\/p>\n\n\n\n<p><br><br>Fonte: <a rel=\"noreferrer noopener\" aria-label=\"www.g1.globo.com (abre numa nova aba)\" href=\"https:\/\/g1.globo.com\/economia\/noticia\/2020\/11\/12\/setor-de-servicos-cresce-18percent-em-setembro-aponta-ibge.ghtml\" target=\"_blank\">www.g1.globo.com<\/a><\/p>\n","protected":false},"excerpt":{"rendered":"<p>Apesar do avan\u00e7o de 1,8% em setembro, setor segue 8% abaixo do patamar de fevereiro e continua mostrando recupera\u00e7\u00e3o mais lenta do que a observada no com\u00e9rcio e ind\u00fastria.<\/p>\n","protected":false},"author":3,"featured_media":3778,"comment_status":"closed","ping_status":"closed","sticky":false,"template":"","format":"standard","meta":[],"categories":[2],"tags":[],"_links":{"self":[{"href":"https:\/\/www.confere.org.br\/wordpress\/wp-json\/wp\/v2\/posts\/3777"}],"collection":[{"href":"https:\/\/www.confere.org.br\/wordpress\/wp-json\/wp\/v2\/posts"}],"about":[{"href":"https:\/\/www.confere.org.br\/wordpress\/wp-json\/wp\/v2\/types\/post"}],"author":[{"embeddable":true,"href":"https:\/\/www.confere.org.br\/wordpress\/wp-json\/wp\/v2\/users\/3"}],"replies":[{"embeddable":true,"href":"https:\/\/www.confere.org.br\/wordpress\/wp-json\/wp\/v2\/comments?post=3777"}],"version-history":[{"count":1,"href":"https:\/\/www.confere.org.br\/wordpress\/wp-json\/wp\/v2\/posts\/3777\/revisions"}],"predecessor-version":[{"id":3779,"href":"https:\/\/www.confere.org.br\/wordpress\/wp-json\/wp\/v2\/posts\/3777\/revisions\/3779"}],"wp:featuredmedia":[{"embeddable":true,"href":"https:\/\/www.confere.org.br\/wordpress\/wp-json\/wp\/v2\/media\/3778"}],"wp:attachment":[{"href":"https:\/\/www.confere.org.br\/wordpress\/wp-json\/wp\/v2\/media?parent=3777"}],"wp:term":[{"taxonomy":"category","embeddable":true,"href":"https:\/\/www.confere.org.br\/wordpress\/wp-json\/wp\/v2\/categories?post=3777"},{"taxonomy":"post_tag","embeddable":true,"href":"https:\/\/www.confere.org.br\/wordpress\/wp-json\/wp\/v2\/tags?post=3777"}],"curies":[{"name":"wp","href":"https:\/\/api.w.org\/{rel}","templated":true}]}}