{"id":3782,"date":"2020-11-12T12:27:26","date_gmt":"2020-11-12T14:27:26","guid":{"rendered":"https:\/\/www.confere.org.br\/wordpress\/?p=3782"},"modified":"2021-02-24T10:25:17","modified_gmt":"2021-02-24T13:25:17","slug":"processo-de-licitacao-no-017-2019-aquisicao-de-calls-de-acesso","status":"publish","type":"post","link":"https:\/\/www.confere.org.br\/wordpress\/processo-de-licitacao-no-017-2019-aquisicao-de-calls-de-acesso\/","title":{"rendered":"Processo de Licita\u00e7\u00e3o n\u00ba 017\/2019 &#8211; Aquisi\u00e7\u00e3o de Calls de Acesso"},"content":{"rendered":"\n<p>Escolher a proposta mais vantajosa para a aquisi\u00e7\u00e3o de duas licen\u00e7as: <br>1) licen\u00e7a WINDOWS SERVER PER DEVICE CLIENT ACCESS LICENSE AND SOFTWARE ASSURANCE 3 ANOS <br>2) licen\u00e7a WINDOWS SERVER STANDARD PER CORE 2 LICENSES LICENSE AND SOFTWARE ASSURANCE 3 ANOS<\/p>\n\n\n\n<p><a rel=\"noreferrer noopener\" aria-label=\" (abre numa nova aba)\" href=\"https:\/\/www.confere.org.br\/wordpress\/wp-content\/uploads\/2020\/11\/EDITAL-PREGAO-09_2020_LICITACAO_017_2019.pdf\" target=\"_blank\">Edital<\/a><\/p>\n\n\n\n<p><br><a href=\"https:\/\/www.confere.org.br\/wordpress\/wp-content\/uploads\/2021\/01\/termo-de-adjudicacao_017_2019.pdf\" target=\"_blank\" rel=\"noreferrer noopener\">Termo de&nbsp; Adjudica\u00e7\u00e3o<\/a><\/p>\n\n\n\n<p><br><a href=\"https:\/\/www.confere.org.br\/wordpress\/wp-content\/uploads\/2021\/01\/termo-de-homologacao_017_2019.pdf\" target=\"_blank\" rel=\"noreferrer noopener\">Termo de Homologa\u00e7\u00e3o<\/a><\/p>\n","protected":false},"excerpt":{"rendered":"<p>Escolher a proposta mais vantajosa para a aquisi\u00e7\u00e3o de duas licen\u00e7as: 1) licen\u00e7a WINDOWS SERVER PER DEVICE CLIENT ACCESS LICENSE AND SOFTWARE ASSURANCE 3 ANOS 2) licen\u00e7a WINDOWS SERVER STANDARD PER CORE 2 LICENSES LICENSE AND SOFTWARE ASSURANCE 3 ANOS Edital Termo de&nbsp; Adjudica\u00e7\u00e3o Termo de Homologa\u00e7\u00e3o<\/p>\n","protected":false},"author":3,"featured_media":0,"comment_status":"closed","ping_status":"closed","sticky":false,"template":"","format":"standard","meta":[],"categories":[32],"tags":[],"_links":{"self":[{"href":"https:\/\/www.confere.org.br\/wordpress\/wp-json\/wp\/v2\/posts\/3782"}],"collection":[{"href":"https:\/\/www.confere.org.br\/wordpress\/wp-json\/wp\/v2\/posts"}],"about":[{"href":"https:\/\/www.confere.org.br\/wordpress\/wp-json\/wp\/v2\/types\/post"}],"author":[{"embeddable":true,"href":"https:\/\/www.confere.org.br\/wordpress\/wp-json\/wp\/v2\/users\/3"}],"replies":[{"embeddable":true,"href":"https:\/\/www.confere.org.br\/wordpress\/wp-json\/wp\/v2\/comments?post=3782"}],"version-history":[{"count":4,"href":"https:\/\/www.confere.org.br\/wordpress\/wp-json\/wp\/v2\/posts\/3782\/revisions"}],"predecessor-version":[{"id":4340,"href":"https:\/\/www.confere.org.br\/wordpress\/wp-json\/wp\/v2\/posts\/3782\/revisions\/4340"}],"wp:attachment":[{"href":"https:\/\/www.confere.org.br\/wordpress\/wp-json\/wp\/v2\/media?parent=3782"}],"wp:term":[{"taxonomy":"category","embeddable":true,"href":"https:\/\/www.confere.org.br\/wordpress\/wp-json\/wp\/v2\/categories?post=3782"},{"taxonomy":"post_tag","embeddable":true,"href":"https:\/\/www.confere.org.br\/wordpress\/wp-json\/wp\/v2\/tags?post=3782"}],"curies":[{"name":"wp","href":"https:\/\/api.w.org\/{rel}","templated":true}]}}