{"id":3811,"date":"2020-11-17T10:37:31","date_gmt":"2020-11-17T12:37:31","guid":{"rendered":"https:\/\/www.confere.org.br\/wordpress\/?p=3811"},"modified":"2020-11-17T10:37:32","modified_gmt":"2020-11-17T12:37:32","slug":"seis-em-cada-dez-industrias-preveem-faturar-mais-em-2021-informa-levantamento-da-cni","status":"publish","type":"post","link":"https:\/\/www.confere.org.br\/wordpress\/seis-em-cada-dez-industrias-preveem-faturar-mais-em-2021-informa-levantamento-da-cni\/","title":{"rendered":"Seis em cada dez ind\u00fastrias preveem faturar mais em 2021, informa levantamento da CNI"},"content":{"rendered":"\n<p>Seis a cada dez ind\u00fastrias esperam aumentar o faturamento em 2021, informa pesquisa da&nbsp;<a href=\"https:\/\/g1.globo.com\/tudo-sobre\/cni\/\">Confedera\u00e7\u00e3o Nacional da Ind\u00fastria<\/a>&nbsp;(CNI) divulgada nesta ter\u00e7a-feira (17).<\/p>\n\n\n\n<p>Segundo a entidade, 62% das empresas pesquisadas informaram que a previs\u00e3o para 2021 \u00e9 de aumento no faturamento.<\/p>\n\n\n\n<p>O levantamento foi realizado pelo Instituto FSB Pesquisa a pedido da CNI e ouviu executivos de 509 empresas industriais entre 23 de outubro e 12 de novembro.<\/p>\n\n\n\n<p>A maioria das empresas tamb\u00e9m informou que os neg\u00f3cios j\u00e1 retomaram o mesmo n\u00edvel de produ\u00e7\u00e3o do per\u00edodo que antecedeu a pandemia.<\/p>\n\n\n\n<p>De acordo com a entidade,<\/p>\n\n\n\n<ul><li>70% das empresas declararam que os neg\u00f3cios est\u00e3o no mesmo n\u00edvel de produ\u00e7\u00e3o de fevereiro;<\/li><li>69% declararam que j\u00e1 est\u00e3o com o mesmo faturamento registrado antes da chegada da Covid-19 ao pa\u00eds;<\/li><li>73% declararam estar com o mesmo n\u00edvel de emprego.<\/li><\/ul>\n\n\n\n<p>Apesar do faturamento no mesmo n\u00edvel de fevereiro para quase 70% das empresas, 47% dos entrevistados afirmaram que ainda operam com uma margem de lucro menor do que antes da pandemia.<\/p>\n\n\n\n<p>\u201cA hip\u00f3tese \u00e9 que, mesmo com o aumento no faturamento, as ind\u00fastrias t\u00eam sofrido com a alta das despesas com energia e insumos, por exemplo\u201d, afirmou a CNI.<\/p>\n\n\n\n<p>De acordo com os dados do levantamento, 45% das empresas declararam que a produ\u00e7\u00e3o atual \u00e9 maior que no per\u00edodo pr\u00e9-pandemia.<\/p>\n\n\n\n<p>A pesquisa perguntou ainda sobre as expectativas dos empres\u00e1rios para o pr\u00f3ximo ano: 55% afirmaram acreditar que 2021 ser\u00e1 de crescimento econ\u00f4mico; 12% preveem retra\u00e7\u00e3o econ\u00f4mica em 2021.<\/p>\n\n\n\n<p><br><br>Fonte: <a rel=\"noreferrer noopener\" aria-label=\"www.g1.globo.com (abre numa nova aba)\" href=\"https:\/\/g1.globo.com\/economia\/noticia\/2020\/11\/16\/seis-em-cada-dez-industrias-preveem-faturar-mais-em-2021-informa-levantamento-da-cni.ghtml\" target=\"_blank\">www.g1.globo.com<\/a><\/p>\n","protected":false},"excerpt":{"rendered":"<p>Levantamento apontou ainda que 69% das empresas industriais est\u00e3o faturando tanto quanto no per\u00edodo anterior \u00e0 pandemia e 73% est\u00e3o com o mesmo n\u00edvel de emprego.<\/p>\n","protected":false},"author":3,"featured_media":3089,"comment_status":"closed","ping_status":"closed","sticky":false,"template":"","format":"standard","meta":[],"categories":[2],"tags":[],"_links":{"self":[{"href":"https:\/\/www.confere.org.br\/wordpress\/wp-json\/wp\/v2\/posts\/3811"}],"collection":[{"href":"https:\/\/www.confere.org.br\/wordpress\/wp-json\/wp\/v2\/posts"}],"about":[{"href":"https:\/\/www.confere.org.br\/wordpress\/wp-json\/wp\/v2\/types\/post"}],"author":[{"embeddable":true,"href":"https:\/\/www.confere.org.br\/wordpress\/wp-json\/wp\/v2\/users\/3"}],"replies":[{"embeddable":true,"href":"https:\/\/www.confere.org.br\/wordpress\/wp-json\/wp\/v2\/comments?post=3811"}],"version-history":[{"count":1,"href":"https:\/\/www.confere.org.br\/wordpress\/wp-json\/wp\/v2\/posts\/3811\/revisions"}],"predecessor-version":[{"id":3812,"href":"https:\/\/www.confere.org.br\/wordpress\/wp-json\/wp\/v2\/posts\/3811\/revisions\/3812"}],"wp:featuredmedia":[{"embeddable":true,"href":"https:\/\/www.confere.org.br\/wordpress\/wp-json\/wp\/v2\/media\/3089"}],"wp:attachment":[{"href":"https:\/\/www.confere.org.br\/wordpress\/wp-json\/wp\/v2\/media?parent=3811"}],"wp:term":[{"taxonomy":"category","embeddable":true,"href":"https:\/\/www.confere.org.br\/wordpress\/wp-json\/wp\/v2\/categories?post=3811"},{"taxonomy":"post_tag","embeddable":true,"href":"https:\/\/www.confere.org.br\/wordpress\/wp-json\/wp\/v2\/tags?post=3811"}],"curies":[{"name":"wp","href":"https:\/\/api.w.org\/{rel}","templated":true}]}}