{"id":3819,"date":"2020-11-18T11:17:57","date_gmt":"2020-11-18T13:17:57","guid":{"rendered":"https:\/\/www.confere.org.br\/wordpress\/?p=3819"},"modified":"2020-11-18T11:17:58","modified_gmt":"2020-11-18T13:17:58","slug":"previsoes-para-a-economia-podem-melhorar-diz-presidente-do-bc","status":"publish","type":"post","link":"https:\/\/www.confere.org.br\/wordpress\/previsoes-para-a-economia-podem-melhorar-diz-presidente-do-bc\/","title":{"rendered":"Previs\u00f5es para a economia podem melhorar, diz presidente do BC"},"content":{"rendered":"\n<p>O presidente do Banco Central (BC), Roberto Campos Neto, afirmou hoje (17) que as previs\u00f5es para a economia brasileira em 2020 e em 2021 poder\u00e3o ser revistas para melhor, se for confirmado crescimento no terceiro trimestre deste ano.<\/p>\n\n\n\n<p>Campos Neto lembrou que o \u00cdndice de Atividade Econ\u00f4mica do Banco Central (IBC-Br)&nbsp;<a href=\"https:\/\/agenciabrasil.ebc.com.br\/economia\/noticia\/2020-11\/atividade-economica-tem-crescimento-de-947-no-terceiro-trimestre\" target=\"_blank\" rel=\"noreferrer noopener\">cresceu 9,47%<\/a>&nbsp;no terceiro trimestre deste ano, na compara\u00e7\u00e3o com o segundo trimestre.<\/p>\n\n\n\n<p>Para o presidente do BC, h\u00e1 melhora nas proje\u00e7\u00f5es para o Produto Interno Bruto (PIB, soma de todos os bens e servi\u00e7os produzidos no pa\u00eds) para este ano. E essa melhora pode influenciar tamb\u00e9m o resultado para 2021. \u201cO terceiro trimestre vai ser muito importante para determinar a velocidade dessa revis\u00e3o [nas proje\u00e7\u00f5es]\u201d, disse Campos Neto, na abertura do 10\u00ba Congresso Internacional de Gest\u00e3o de Riscos, organiza\u00e7\u00e3o pela Federa\u00e7\u00e3o Brasileira de Bancos (Febraban).<\/p>\n\n\n\n<h4><br>Pandemia<\/h4>\n\n\n\n<p>Sobre a pandemia de covid-19, Campos Neto destacou que houve \u201cgrande explos\u00e3o\u201d no n\u00famero de casos di\u00e1rios, principalmente na Europa. Ele citou os recordes de casos recentemente nos Estados Unidos&nbsp;\u2013 \u201ctalvez um reflexo do processo eleitoral\u201d.<\/p>\n\n\n\n<p>\u201cQuando a gente olha na parte de \u00f3bitos, h\u00e1 uma evolu\u00e7\u00e3o bem melhor, apesar de um aumento na Europa nas \u00faltimas duas semanas. Os leitos hospitalares come\u00e7aram a ficar mais cheios, e alguns pa\u00edses come\u00e7aram a anunciar novas medidas de distanciamento social. Mas a gente consegue acompanhar que, cada vez mais, as medidas de distanciamento social t\u00eam sido menos efetivas em termos de restringir a mobilidade\u201d, afirmou.<\/p>\n\n\n\n<p>Segundo Campos Neto, \u00e9 preciso estudar o \u201ccusto benef\u00edcio\u201d dessas novas medidas para estimular o distanciamento social, que, em sua opini\u00e3o, t\u00eam sido pouco efetivas. \u201cTem um ponto cultural, principalmente entre os jovens que, por uma raz\u00e3o ou outra, est\u00e3o cansados e n\u00e3o est\u00e3o seguindo \u00e0 risca [as recomenda\u00e7\u00f5es]. Acho que valeria um estudo de custo benef\u00edcio\u201d, enfatizou.<\/p>\n\n\n\n<h4><br>Infla\u00e7\u00e3o<\/h4>\n\n\n\n<p>O presidente do Banco Central voltou a afirmar que a infla\u00e7\u00e3o observada recentemente no Brasil \u00e9 estimulada pelos pre\u00e7os de alimentos e de&nbsp;<em>commodities<\/em>, produtos prim\u00e1rios com cota\u00e7\u00e3o internacional. Ele citou ainda o efeito da concess\u00e3o do aux\u00edlio emergencial e a substitui\u00e7\u00e3o de gastos com servi\u00e7os por alimenta\u00e7\u00e3o em domic\u00edlio.<\/p>\n\n\n\n<h4><br>Transfer\u00eancia de recursos<\/h4>\n\n\n\n<p>De acordo com o presidente do BC, as transfer\u00eancias de recursos para fam\u00edlias no Brasil foram maiores do que para empresas, na compara\u00e7\u00e3o com outros pa\u00edses. Somente no Brasil e na \u00c1frica do Sul, houve mais transfer\u00eancias para as fam\u00edlias do que para empresas, ressaltou Campos Neto, ao lembrar que aqui o aux\u00edlio&nbsp; foi desenhado para atender as fam\u00edlias de \u201cmais baixa renda\u201d.<\/p>\n\n\n\n<p>Campos Neto\u00a0 acrescentou que o n\u00edvel de endividamento do Brasil \u00e9 superior ao de outros pa\u00edses emergentes. \u201cClaramente \u00e9 uma situa\u00e7\u00e3o de d\u00edvida que precisa ser endere\u00e7ada\u201d, alertou.<\/p>\n\n\n\n<p><br><br>Fonte: <a rel=\"noreferrer noopener\" aria-label=\"Ag\u00eancia Brasil (abre numa nova aba)\" href=\"https:\/\/agenciabrasil.ebc.com.br\/economia\/noticia\/2020-11\/previsoes-para-economia-podem-melhorar-diz-presidente-do-bc\" target=\"_blank\">Ag\u00eancia Brasil<\/a><\/p>\n","protected":false},"excerpt":{"rendered":"<p>Confirma\u00e7\u00e3o de crescimento no terceiro trimestre pode levar a revis\u00f5es<\/p>\n","protected":false},"author":3,"featured_media":3465,"comment_status":"closed","ping_status":"closed","sticky":false,"template":"","format":"standard","meta":[],"categories":[2],"tags":[],"_links":{"self":[{"href":"https:\/\/www.confere.org.br\/wordpress\/wp-json\/wp\/v2\/posts\/3819"}],"collection":[{"href":"https:\/\/www.confere.org.br\/wordpress\/wp-json\/wp\/v2\/posts"}],"about":[{"href":"https:\/\/www.confere.org.br\/wordpress\/wp-json\/wp\/v2\/types\/post"}],"author":[{"embeddable":true,"href":"https:\/\/www.confere.org.br\/wordpress\/wp-json\/wp\/v2\/users\/3"}],"replies":[{"embeddable":true,"href":"https:\/\/www.confere.org.br\/wordpress\/wp-json\/wp\/v2\/comments?post=3819"}],"version-history":[{"count":1,"href":"https:\/\/www.confere.org.br\/wordpress\/wp-json\/wp\/v2\/posts\/3819\/revisions"}],"predecessor-version":[{"id":3820,"href":"https:\/\/www.confere.org.br\/wordpress\/wp-json\/wp\/v2\/posts\/3819\/revisions\/3820"}],"wp:featuredmedia":[{"embeddable":true,"href":"https:\/\/www.confere.org.br\/wordpress\/wp-json\/wp\/v2\/media\/3465"}],"wp:attachment":[{"href":"https:\/\/www.confere.org.br\/wordpress\/wp-json\/wp\/v2\/media?parent=3819"}],"wp:term":[{"taxonomy":"category","embeddable":true,"href":"https:\/\/www.confere.org.br\/wordpress\/wp-json\/wp\/v2\/categories?post=3819"},{"taxonomy":"post_tag","embeddable":true,"href":"https:\/\/www.confere.org.br\/wordpress\/wp-json\/wp\/v2\/tags?post=3819"}],"curies":[{"name":"wp","href":"https:\/\/api.w.org\/{rel}","templated":true}]}}