{"id":3821,"date":"2020-11-18T11:22:11","date_gmt":"2020-11-18T13:22:11","guid":{"rendered":"https:\/\/www.confere.org.br\/wordpress\/?p=3821"},"modified":"2020-11-18T11:22:12","modified_gmt":"2020-11-18T13:22:12","slug":"secretario-de-politica-economica-diz-que-emprego-crescera-em-2021","status":"publish","type":"post","link":"https:\/\/www.confere.org.br\/wordpress\/secretario-de-politica-economica-diz-que-emprego-crescera-em-2021\/","title":{"rendered":"Secret\u00e1rio de Pol\u00edtica Econ\u00f4mica diz que emprego crescer\u00e1 em 2021"},"content":{"rendered":"\n<p>O secret\u00e1rio de Pol\u00edtica Econ\u00f4mica do Minist\u00e9rio da Economia, Adolfo Sachsida, afirmou hoje (17) que o emprego vai crescer em 2021, puxado pelo setor de servi\u00e7os. Sachsida destacou que ainda existem&nbsp; R$ 110 bilh\u00f5es de recursos a serem injetados na economia por meio do restante de pagamentos do aux\u00edlio emergencial e do Fundo de Garantia do Tempo de Servi\u00e7o (FGTS).<\/p>\n\n\n\n<p>\u201cO emprego&nbsp;<a href=\"https:\/\/agenciabrasil.ebc.com.br\/economia\/noticia\/2020-11\/ministerio-melhora-previsao-de-queda-da-economia\" target=\"_blank\" rel=\"noreferrer noopener\">vai crescer em 2021<\/a>. Os dados s\u00e3o muito claros: o grosso do desemprego est\u00e1 vindo do setor informal. \u00c0 medida que o setor de servi\u00e7os retoma, rapidamente volta a contratar, \u00e0 medida que o distanciamento social diminui, rapidamente tem a contra\u00e7\u00e3o de informais\u201d, disse Sachsida, em entrevista coletiva virtual para apresentar o boletim MacroFiscal da secretaria.<\/p>\n\n\n\n<p>Sachsida disse ainda que o governo tem trabalhado para reduzir os custos da contrata\u00e7\u00e3o formal. De acordo com o secret\u00e1rio, para cada R$ 1 mil pago em sal\u00e1rios, o empregador tem custos de R$ 1,8 mil. \u201cQuer dizer que o trabalhador recebe pouco, e empres\u00e1rio paga muito. Enquanto sociedade, vamos ter que endere\u00e7ar essa quest\u00e3o. H\u00e1 v\u00e1rias frentes para diminuir a burocracia, o custo de contra\u00e7\u00e3o no Brasil.\u201d<\/p>\n\n\n\n<p>Ele ressaltou que \u00e9 preciso fazer escolhas, como dar aos trabalhadores o direito de escolher se querem trabalhar no domingo \u00e0 noite, por exemplo. \u201cVamos ter que devolver ao trabalhador o seu inalien\u00e1vel direito de escolher para quem e quando trabalhar. Se ele quer trabalhar, deixa ele em paz\u201d, argumentou.<\/p>\n\n\n\n<h4><br>Recursos na economia<\/h4>\n\n\n\n<p>Segundo Sachsida, ainda restam R$ 45 bilh\u00f5es de aux\u00edlio emergencial a serem pagos, que, somados com recursos ainda n\u00e3o sacados do FGTS, v\u00e3o gerar R$ 110 bilh\u00f5es na economia do pa\u00eds nos pr\u00f3ximos meses.<\/p>\n\n\n\n<p>Sachsida disse que o governo precisou gastar mais para enfrentar a pandemia de covid-19, mas ressaltou que a agenda de \u201cconsolida\u00e7\u00e3o fiscal\u201d n\u00e3o foi abandonada. Ele enfatizou que o governo manter\u00e1 o teto de gastos, far\u00e1 privatiza\u00e7\u00f5es e manter\u00e1 o \u201cenxugamento\u201d dos bancos p\u00fablicos. Ele explicou que as privatiza\u00e7\u00f5es t\u00eam um processo lento porque, em uma democracia, \u00e9 preciso \u201cconstruir consensos\u201d.<\/p>\n\n\n\n<h4><br>Segunda onda<\/h4>\n\n\n\n<p>O secret\u00e1rio afirmou ainda que a possibilidade de uma segunda onda de contamina\u00e7\u00f5es pelo novo coronav\u00edrus \u00e9 \u201cbaix\u00edssima\u201d no Brasil. \u201cNossos estudos aqui na SPE [Secretaria de Pol\u00edtica Econ\u00f4mica] indicam que a probabilidade de uma segunda onda \u00e9 muito baixa. V\u00e1rios estados j\u00e1 atingiram, ou est\u00e3o pr\u00f3ximos de atingir, imunidade de rebanho. Honestamente, acho baixa a probabilidade de segunda onda\u201d, disse. Sachsida citou estudos recentes segundo os quais a \u201cimunidade de rebanho\u201d \u00e9 alcan\u00e7ada quando 20% da popula\u00e7\u00e3o foi contaminada.<\/p>\n\n\n\n<p>Questionado se o governo tem um plano para o caso de novas medidas de isolamento social, o secret\u00e1rio disse que prefere \u201cn\u00e3o dar respostas concretas a perguntas hipot\u00e9ticas\u201d, mas destacou que \u00e9 responsabilidade da secretaria ter sempre um plano de conting\u00eancia.<\/p>\n\n\n\n<p>\u201cAlgo concreto \u00e9 a forma da retomada econ\u00f4mica. Desde outubro, o setor de servi\u00e7o est\u00e1 cada vez mais forte e vai garantir a tra\u00e7\u00e3o necess\u00e1ria para a economia\u201d, afirmou.<\/p>\n\n\n\n<p><br><br>Fonte: <a rel=\"noreferrer noopener\" aria-label=\"Ag\u00eancia Brasil (abre numa nova aba)\" href=\"https:\/\/agenciabrasil.ebc.com.br\/economia\/noticia\/2020-11\/secretario-de-politica-economica-diz-que-emprego-crescera-em-2021\" target=\"_blank\">Ag\u00eancia Brasil<\/a><\/p>\n","protected":false},"excerpt":{"rendered":"<p>Retomada do setor de servi\u00e7os estimular\u00e1 contrata\u00e7\u00f5es, afirma Sachsida<\/p>\n","protected":false},"author":3,"featured_media":2814,"comment_status":"closed","ping_status":"closed","sticky":false,"template":"","format":"standard","meta":[],"categories":[2],"tags":[],"_links":{"self":[{"href":"https:\/\/www.confere.org.br\/wordpress\/wp-json\/wp\/v2\/posts\/3821"}],"collection":[{"href":"https:\/\/www.confere.org.br\/wordpress\/wp-json\/wp\/v2\/posts"}],"about":[{"href":"https:\/\/www.confere.org.br\/wordpress\/wp-json\/wp\/v2\/types\/post"}],"author":[{"embeddable":true,"href":"https:\/\/www.confere.org.br\/wordpress\/wp-json\/wp\/v2\/users\/3"}],"replies":[{"embeddable":true,"href":"https:\/\/www.confere.org.br\/wordpress\/wp-json\/wp\/v2\/comments?post=3821"}],"version-history":[{"count":1,"href":"https:\/\/www.confere.org.br\/wordpress\/wp-json\/wp\/v2\/posts\/3821\/revisions"}],"predecessor-version":[{"id":3822,"href":"https:\/\/www.confere.org.br\/wordpress\/wp-json\/wp\/v2\/posts\/3821\/revisions\/3822"}],"wp:featuredmedia":[{"embeddable":true,"href":"https:\/\/www.confere.org.br\/wordpress\/wp-json\/wp\/v2\/media\/2814"}],"wp:attachment":[{"href":"https:\/\/www.confere.org.br\/wordpress\/wp-json\/wp\/v2\/media?parent=3821"}],"wp:term":[{"taxonomy":"category","embeddable":true,"href":"https:\/\/www.confere.org.br\/wordpress\/wp-json\/wp\/v2\/categories?post=3821"},{"taxonomy":"post_tag","embeddable":true,"href":"https:\/\/www.confere.org.br\/wordpress\/wp-json\/wp\/v2\/tags?post=3821"}],"curies":[{"name":"wp","href":"https:\/\/api.w.org\/{rel}","templated":true}]}}