{"id":3829,"date":"2020-11-23T10:12:22","date_gmt":"2020-11-23T12:12:22","guid":{"rendered":"https:\/\/www.confere.org.br\/wordpress\/?p=3829"},"modified":"2020-11-23T10:12:25","modified_gmt":"2020-11-23T12:12:25","slug":"previa-da-confianca-da-industria-aponta-crescimento-em-novembro-diz-fgv","status":"publish","type":"post","link":"https:\/\/www.confere.org.br\/wordpress\/previa-da-confianca-da-industria-aponta-crescimento-em-novembro-diz-fgv\/","title":{"rendered":"Pr\u00e9via da confian\u00e7a da ind\u00fastria aponta crescimento em novembro, diz FGV"},"content":{"rendered":"\n<p>A pr\u00e9via da Sondagem da Ind\u00fastria de novembro sinaliza aumento de 1,6 ponto do \u00edndice de confian\u00e7a dos empres\u00e1rios do setor em rela\u00e7\u00e3o ao n\u00famero final de outubro, para 112,8 pontos, segundo informou nesta segunda-feira (23) a Funda\u00e7\u00e3o Getulio Vargas.<\/p>\n\n\n\n<p>Se o resultado se confirmar, ser\u00e1 a s\u00e9tima alta mensal seguida do indicador e &#8220;ser\u00e1 o maior valor do \u00edndice desde outubro de 2010 (113,6 pontos)&#8221;, segundo informou a FGV.<\/p>\n\n\n\n<p>A alta do resultado pr\u00e9vio da confian\u00e7a \u00e9 consequ\u00eancia de movimentos opostos entre as avalia\u00e7\u00f5es sobre o momento presente e as expectativas para os pr\u00f3ximos meses. O \u00cdndice de Situa\u00e7\u00e3o Atual aumentaria 4,4 pontos, para 118,1 pontos (o maior valor desde dezembro de 2007, 118,9 pontos), enquanto o \u00cdndice de Expectativas recuaria 1,2 ponto, para 107,4 pontos.<\/p>\n\n\n\n<p>O dado preliminar de novembro indica ainda relativa acomoda\u00e7\u00e3o do N\u00edvel de Utiliza\u00e7\u00e3o da Capacidade Instalada da Ind\u00fastria (NUCI) com redu\u00e7\u00e3o de 0,2 ponto percentual, para 79,6%. Em m\u00e9dias m\u00f3veis trimestrais, o NUCI continuaria apresentando avan\u00e7o pelo quinto m\u00eas consecutivo, de 77,8% para 79,2%.<\/p>\n\n\n\n<p><br><br>Fonte: <a rel=\"noreferrer noopener\" aria-label=\"www.g1.globo.com (abre numa nova aba)\" href=\"https:\/\/g1.globo.com\/economia\/noticia\/2020\/11\/23\/previa-da-confianca-da-industria-aponta-crescimento-em-novembro-diz-fgv.ghtml\" target=\"_blank\">www.g1.globo.com<\/a><\/p>\n","protected":false},"excerpt":{"rendered":"<p>Resultado pr\u00e9vio da sondagem sinaliza avan\u00e7o para o maior n\u00edvel em 10 anos e acomoda\u00e7\u00e3o do n\u00edvel de utiliza\u00e7\u00e3o da capacidade Instalada da ind\u00fastria.<\/p>\n","protected":false},"author":3,"featured_media":3830,"comment_status":"closed","ping_status":"closed","sticky":false,"template":"","format":"standard","meta":[],"categories":[2],"tags":[],"_links":{"self":[{"href":"https:\/\/www.confere.org.br\/wordpress\/wp-json\/wp\/v2\/posts\/3829"}],"collection":[{"href":"https:\/\/www.confere.org.br\/wordpress\/wp-json\/wp\/v2\/posts"}],"about":[{"href":"https:\/\/www.confere.org.br\/wordpress\/wp-json\/wp\/v2\/types\/post"}],"author":[{"embeddable":true,"href":"https:\/\/www.confere.org.br\/wordpress\/wp-json\/wp\/v2\/users\/3"}],"replies":[{"embeddable":true,"href":"https:\/\/www.confere.org.br\/wordpress\/wp-json\/wp\/v2\/comments?post=3829"}],"version-history":[{"count":1,"href":"https:\/\/www.confere.org.br\/wordpress\/wp-json\/wp\/v2\/posts\/3829\/revisions"}],"predecessor-version":[{"id":3831,"href":"https:\/\/www.confere.org.br\/wordpress\/wp-json\/wp\/v2\/posts\/3829\/revisions\/3831"}],"wp:featuredmedia":[{"embeddable":true,"href":"https:\/\/www.confere.org.br\/wordpress\/wp-json\/wp\/v2\/media\/3830"}],"wp:attachment":[{"href":"https:\/\/www.confere.org.br\/wordpress\/wp-json\/wp\/v2\/media?parent=3829"}],"wp:term":[{"taxonomy":"category","embeddable":true,"href":"https:\/\/www.confere.org.br\/wordpress\/wp-json\/wp\/v2\/categories?post=3829"},{"taxonomy":"post_tag","embeddable":true,"href":"https:\/\/www.confere.org.br\/wordpress\/wp-json\/wp\/v2\/tags?post=3829"}],"curies":[{"name":"wp","href":"https:\/\/api.w.org\/{rel}","templated":true}]}}