{"id":3846,"date":"2020-11-24T14:10:30","date_gmt":"2020-11-24T16:10:30","guid":{"rendered":"https:\/\/www.confere.org.br\/wordpress\/?p=3846"},"modified":"2020-11-24T14:10:30","modified_gmt":"2020-11-24T16:10:30","slug":"industria-da-construcao-volta-a-planejar-investimentos-diz-cni","status":"publish","type":"post","link":"https:\/\/www.confere.org.br\/wordpress\/industria-da-construcao-volta-a-planejar-investimentos-diz-cni\/","title":{"rendered":"Ind\u00fastria da constru\u00e7\u00e3o volta a planejar investimentos, diz CNI"},"content":{"rendered":"\n<p>Os empres\u00e1rios da ind\u00fastria da constru\u00e7\u00e3o civil voltaram a colocar investimentos em seus planos no m\u00eas de novembro.<\/p>\n\n\n\n<p>O \u00edndice de inten\u00e7\u00e3o de investimento, calculado pela Sondagem da Ind\u00fastria da Constru\u00e7\u00e3o da CNI (Confedera\u00e7\u00e3o Nacional da Ind\u00fastria), chegou a 42,4 pontos neste m\u00eas, alta de 1,5 ponto na compara\u00e7\u00e3o com m\u00eas anterior.<\/p>\n\n\n\n<p>Em outubro, a inten\u00e7\u00e3o de investir havia ca\u00eddo 3,5 pontos, interrompendo uma sequ\u00eancia de quatro meses em eleva\u00e7\u00e3o. Apesar do sobe e desce, a avalia\u00e7\u00e3o da CNI \u00e9 a de que os empres\u00e1rios est\u00e3o confiantes, pois o \u00edndice est\u00e1 acima da m\u00e9dia hist\u00f3rica de 34,4 pontos.<\/p>\n\n\n\n<p>Outros \u00edndices positivos s\u00e3o o de confian\u00e7a, que voltou a subir em novembro e est\u00e1 em 58,9 pontos ap\u00f3s estabilidade em setembro e outubro, o de expectativa, que foi a 62,8 ponto (alta de 1,8 ponto) e o de condi\u00e7\u00f5es atuais, que subiu 3,1 pontos e voltou a superar os 50 pontos pela primeira vez desde mar\u00e7o.<\/p>\n\n\n\n<p>A marca dos 50 pontos \u00e9 importante, segunda a confedera\u00e7\u00e3o da ind\u00fastria, pois indica tend\u00eancia de confian\u00e7a maior e mais disseminada.<\/p>\n\n\n\n<p>O emprego no setor registrou a sexta alta consecutiva, 51,3 pontos em outubro. No m\u00eas anterior, o resultado acima de 50 pontos marcou um recorde, a maior pontua\u00e7\u00e3o desde abril de 2012.<\/p>\n\n\n\n<p>Os dados do Caged (Cadastro Geral de Empregados e Desempregados) confirmam a melhora do n\u00edvel de emprego na constru\u00e7\u00e3o.<\/p>\n\n\n\n<p>O setor acumula, de janeiro a setembro, 102,1 mil novas vagas criadas, uma varia\u00e7\u00e3o de 4,71% na compara\u00e7\u00e3o com o mesmo per\u00edodo do ano passado.<\/p>\n\n\n\n<p>\u00c9 o segundo em n\u00famero de novos postos de trabalho, atr\u00e1s somente da agropecu\u00e1ria, que est\u00e1 com saldo positivo em 102,4 mil empregos.<\/p>\n\n\n\n<p>No \u00edndice de atividade, a sondagem da CNI identificou retra\u00e7\u00e3o de 51,2 em setembro para 50,7 pontos em outubro.<\/p>\n\n\n\n<p>&#8220;Ainda que tenha novamente apresentado uma ligeira queda na compara\u00e7\u00e3o mensal, o \u00edndice se manteve acima da linha divis\u00f3ria de 50 pontos pelo terceiro m\u00eas consecutivo&#8221;, diz o boletim.<\/p>\n\n\n\n<p>A utiliza\u00e7\u00e3o da capacidade instalada caiu 1 ponto percentual em outubro e ficou em 62%, interrompendo cinco meses de queda. Em outubro de 2019, a utiliza\u00e7\u00e3o da capacidade instalada da ind\u00fastria brasileira estava em 63%.<\/p>\n\n\n\n<p><br><br>Fonte: <a rel=\"noreferrer noopener\" aria-label=\"Folha de S. Paulo (abre numa nova aba)\" href=\"https:\/\/www1.folha.uol.com.br\/mercado\/2020\/11\/industria-da-construcao-volta-a-planejar-investimentos-diz-cni.shtml\" target=\"_blank\">Folha de S. Paulo<\/a><\/p>\n","protected":false},"excerpt":{"rendered":"<p>Sondagem mostra \u00edndices de emprego e confian\u00e7a com tend\u00eancia de alta<\/p>\n","protected":false},"author":3,"featured_media":3214,"comment_status":"closed","ping_status":"closed","sticky":false,"template":"","format":"standard","meta":[],"categories":[2],"tags":[],"_links":{"self":[{"href":"https:\/\/www.confere.org.br\/wordpress\/wp-json\/wp\/v2\/posts\/3846"}],"collection":[{"href":"https:\/\/www.confere.org.br\/wordpress\/wp-json\/wp\/v2\/posts"}],"about":[{"href":"https:\/\/www.confere.org.br\/wordpress\/wp-json\/wp\/v2\/types\/post"}],"author":[{"embeddable":true,"href":"https:\/\/www.confere.org.br\/wordpress\/wp-json\/wp\/v2\/users\/3"}],"replies":[{"embeddable":true,"href":"https:\/\/www.confere.org.br\/wordpress\/wp-json\/wp\/v2\/comments?post=3846"}],"version-history":[{"count":1,"href":"https:\/\/www.confere.org.br\/wordpress\/wp-json\/wp\/v2\/posts\/3846\/revisions"}],"predecessor-version":[{"id":3847,"href":"https:\/\/www.confere.org.br\/wordpress\/wp-json\/wp\/v2\/posts\/3846\/revisions\/3847"}],"wp:featuredmedia":[{"embeddable":true,"href":"https:\/\/www.confere.org.br\/wordpress\/wp-json\/wp\/v2\/media\/3214"}],"wp:attachment":[{"href":"https:\/\/www.confere.org.br\/wordpress\/wp-json\/wp\/v2\/media?parent=3846"}],"wp:term":[{"taxonomy":"category","embeddable":true,"href":"https:\/\/www.confere.org.br\/wordpress\/wp-json\/wp\/v2\/categories?post=3846"},{"taxonomy":"post_tag","embeddable":true,"href":"https:\/\/www.confere.org.br\/wordpress\/wp-json\/wp\/v2\/tags?post=3846"}],"curies":[{"name":"wp","href":"https:\/\/api.w.org\/{rel}","templated":true}]}}