{"id":3855,"date":"2020-11-25T13:19:57","date_gmt":"2020-11-25T15:19:57","guid":{"rendered":"https:\/\/www.confere.org.br\/wordpress\/?p=3855"},"modified":"2020-12-15T13:05:15","modified_gmt":"2020-12-15T15:05:15","slug":"eleicao-core-rs-trienio-2020-2023","status":"publish","type":"post","link":"https:\/\/www.confere.org.br\/wordpress\/eleicao-core-rs-trienio-2020-2023\/","title":{"rendered":"Elei\u00e7\u00e3o Core-RS &#8211; Tri\u00eanio 2021\/2024"},"content":{"rendered":"\n<p> 1. Edital<br><a rel=\"noreferrer noopener\" aria-label=\" (abre numa nova aba)\" href=\"https:\/\/www.confere.org.br\/wordpress\/wp-content\/uploads\/2020\/11\/EDITAL-DOU.pdf\" target=\"_blank\">&#8211; Publicado no Di\u00e1rio Oficial da Uni\u00e3o em 24.11.2020<\/a><br><a rel=\"noreferrer noopener\" aria-label=\" (abre numa nova aba)\" href=\"https:\/\/www.confere.org.br\/wordpress\/wp-content\/uploads\/2020\/11\/EDITAL-CORREIO-DO-POVO.pdf\" target=\"_blank\">&#8211; Publicado no &#8220;Correio do Povo&#8221; em 25.11.2020<\/a> <\/p>\n\n\n\n<p> 2.&nbsp;<a rel=\"noreferrer noopener\" aria-label=\" (abre numa nova aba)\" href=\"https:\/\/www.confere.org.br\/wordpress\/wp-content\/uploads\/2020\/11\/REGULAMENTO-ELEITORAL-ESPECIFICO-CORE_RS.pdf\" target=\"_blank\">Regu<\/a><a href=\"https:\/\/www.confere.org.br\/wordpress\/wp-content\/uploads\/2020\/11\/REGULAMENTO-ELEITORAL-CORE-RS.pdf\" target=\"_blank\" rel=\"noreferrer noopener\" aria-label=\"lamento Eleitora (abre numa nova aba)\">lamento Eleitora<\/a><a rel=\"noreferrer noopener\" aria-label=\" (abre numa nova aba)\" href=\"https:\/\/www.confere.org.br\/wordpress\/wp-content\/uploads\/2020\/11\/REGULAMENTO-ELEITORAL-ESPECIFICO-CORE_RS.pdf\" target=\"_blank\">l<\/a> <\/p>\n\n\n\n<p> <a rel=\"noreferrer noopener\" aria-label=\" (abre numa nova aba)\" href=\"https:\/\/www.confere.org.br\/wordpress\/wp-content\/uploads\/2020\/11\/REQUERIMENTO-DE-REGISTRO-DE-CHAPA-CORE_RS.pdf\" target=\"_blank\">3. Requerimento de Registro de Chapa<\/a> <\/p>\n\n\n\n<p> 4.<a rel=\"noreferrer noopener\" aria-label=\" (abre numa nova aba)\" href=\"https:\/\/www.confere.org.br\/wordpress\/wp-content\/uploads\/2020\/11\/FICHA-DE-QUALIFICACAO_CORE_RS.pdf\" target=\"_blank\">&nbsp;Ficha de Qualifica\u00e7\u00e3o<\/a> <\/p>\n\n\n\n<p> 5.<a rel=\"noreferrer noopener\" aria-label=\" (abre numa nova aba)\" href=\"https:\/\/www.confere.org.br\/wordpress\/wp-content\/uploads\/2020\/11\/DECLARACAO-DE-AQUIESCENCIA-CORE_RS.pdf\" target=\"_blank\">&nbsp;Declara\u00e7\u00e3o de Aquiesc\u00eancia<\/a> <\/p>\n\n\n\n<p> 6. Resolu\u00e7\u00e3o n\u00ba 1.173\/2020 &#8211; Confere<br><a rel=\"noreferrer noopener\" aria-label=\" (abre numa nova aba)\" href=\"https:\/\/www.confere.org.br\/wordpress\/wp-content\/uploads\/2020\/11\/RESOLUCAO-1173.pdf\" target=\"_blank\">&#8211; Publicado no Di\u00e1rio Oficial da Uni\u00e3o em 24.11.20<\/a> <\/p>\n\n\n\n<p>7. Aviso de Registro de Chapa<br><a rel=\"noreferrer noopener\" href=\"https:\/\/www.confere.org.br\/wordpress\/wp-content\/uploads\/2020\/12\/PUBLICACAO-DO-REGISTRO-CHAPA-CORE_RS.pdf\" target=\"_blank\">&#8211; Publicado no Di\u00e1rio Oficial da Uni\u00e3o em 15.12.2020<\/a><br><a rel=\"noreferrer noopener\" href=\"https:\/\/www.confere.org.br\/wordpress\/wp-content\/uploads\/2020\/12\/CONSELHO-FEDERAL-DOS-REPRESENTANTES-COMERCIAIS-Correio-do-Povo-RS-.pdf\" target=\"_blank\">&#8211; Publicado no Jornal Correio do Povo em 15.12.2020<\/a><\/p>\n","protected":false},"excerpt":{"rendered":"<p>Processo Eleitoral para composi\u00e7\u00e3o do Core-RS<\/p>\n","protected":false},"author":3,"featured_media":0,"comment_status":"closed","ping_status":"closed","sticky":false,"template":"","format":"standard","meta":[],"categories":[43],"tags":[],"_links":{"self":[{"href":"https:\/\/www.confere.org.br\/wordpress\/wp-json\/wp\/v2\/posts\/3855"}],"collection":[{"href":"https:\/\/www.confere.org.br\/wordpress\/wp-json\/wp\/v2\/posts"}],"about":[{"href":"https:\/\/www.confere.org.br\/wordpress\/wp-json\/wp\/v2\/types\/post"}],"author":[{"embeddable":true,"href":"https:\/\/www.confere.org.br\/wordpress\/wp-json\/wp\/v2\/users\/3"}],"replies":[{"embeddable":true,"href":"https:\/\/www.confere.org.br\/wordpress\/wp-json\/wp\/v2\/comments?post=3855"}],"version-history":[{"count":4,"href":"https:\/\/www.confere.org.br\/wordpress\/wp-json\/wp\/v2\/posts\/3855\/revisions"}],"predecessor-version":[{"id":4009,"href":"https:\/\/www.confere.org.br\/wordpress\/wp-json\/wp\/v2\/posts\/3855\/revisions\/4009"}],"wp:attachment":[{"href":"https:\/\/www.confere.org.br\/wordpress\/wp-json\/wp\/v2\/media?parent=3855"}],"wp:term":[{"taxonomy":"category","embeddable":true,"href":"https:\/\/www.confere.org.br\/wordpress\/wp-json\/wp\/v2\/categories?post=3855"},{"taxonomy":"post_tag","embeddable":true,"href":"https:\/\/www.confere.org.br\/wordpress\/wp-json\/wp\/v2\/tags?post=3855"}],"curies":[{"name":"wp","href":"https:\/\/api.w.org\/{rel}","templated":true}]}}