{"id":3863,"date":"2020-11-26T09:46:25","date_gmt":"2020-11-26T11:46:25","guid":{"rendered":"https:\/\/www.confere.org.br\/wordpress\/?p=3863"},"modified":"2020-11-26T09:46:26","modified_gmt":"2020-11-26T11:46:26","slug":"vendas-de-maquinas-e-equipamentos-tem-alta-de-16-em-outubro","status":"publish","type":"post","link":"https:\/\/www.confere.org.br\/wordpress\/vendas-de-maquinas-e-equipamentos-tem-alta-de-16-em-outubro\/","title":{"rendered":"Vendas de m\u00e1quinas e equipamentos t\u00eam alta de 16% em outubro"},"content":{"rendered":"\n<p>As vendas da ind\u00fastria de m\u00e1quinas e equipamentos totalizaram no m\u00eas de outubro R$ 14,6 bilh\u00f5es, resultado 16% superior ao registrado no mesmo m\u00eas de 2019. No acumulado do ano, as vendas somam R$ 113,9 bilh\u00f5es, 0,7% superior ao obtido no mesmo per\u00edodo do ano passado. Os dados, divulgados hoje (25), s\u00e3o da Associa\u00e7\u00e3o Brasileira da Ind\u00fastria de M\u00e1quinas e Equipamentos (Abimaq).<\/p>\n\n\n\n<p>\u201cEsta foi a alta mais significativa em 2020. Com o quarto avan\u00e7o consecutivo da receita, o setor passou a acumular resultado positivo na somat\u00f3ria do ano\u201d, destacou a entidade em nota.<\/p>\n\n\n\n<p>O setor vendeu ao exterior no m\u00eas de outubro, R$ 664,8 milh\u00f5es em equipamentos, montante 8,8% inferior ao registrado no mesmo m\u00eas de 2019. No acumulado do ano, as exporta\u00e7\u00f5es somam R$ 5,9 bilh\u00f5es, 26% a menos que o obtido no mesmo per\u00edodo do ano passado.&nbsp;<\/p>\n\n\n\n<p>\u201cAs exporta\u00e7\u00f5es de m\u00e1quinas e equipamentos apresentaram queda menos brusca ap\u00f3s meses de fortes contra\u00e7\u00f5es. Em outubro, as exporta\u00e7\u00f5es em d\u00f3lar retra\u00edram 8,8% na compara\u00e7\u00e3o interanual, ap\u00f3s quedas consecutivas na ordem de 32%\u201d, ressaltou a entidade.<\/p>\n\n\n\n<p><br><br>Fonte: <a rel=\"noreferrer noopener\" aria-label=\"Ag\u00eancia Brasil (abre numa nova aba)\" href=\"https:\/\/agenciabrasil.ebc.com.br\/economia\/noticia\/2020-11\/vendas-de-maquinas-e-equipamentos-tem-alta-de-16-em-outubro\" target=\"_blank\">Ag\u00eancia Brasil<\/a><\/p>\n","protected":false},"excerpt":{"rendered":"<p>\u00c9 o quarto resultado positivo de receitas no ano<\/p>\n","protected":false},"author":3,"featured_media":3489,"comment_status":"closed","ping_status":"closed","sticky":false,"template":"","format":"standard","meta":[],"categories":[2],"tags":[],"_links":{"self":[{"href":"https:\/\/www.confere.org.br\/wordpress\/wp-json\/wp\/v2\/posts\/3863"}],"collection":[{"href":"https:\/\/www.confere.org.br\/wordpress\/wp-json\/wp\/v2\/posts"}],"about":[{"href":"https:\/\/www.confere.org.br\/wordpress\/wp-json\/wp\/v2\/types\/post"}],"author":[{"embeddable":true,"href":"https:\/\/www.confere.org.br\/wordpress\/wp-json\/wp\/v2\/users\/3"}],"replies":[{"embeddable":true,"href":"https:\/\/www.confere.org.br\/wordpress\/wp-json\/wp\/v2\/comments?post=3863"}],"version-history":[{"count":1,"href":"https:\/\/www.confere.org.br\/wordpress\/wp-json\/wp\/v2\/posts\/3863\/revisions"}],"predecessor-version":[{"id":3864,"href":"https:\/\/www.confere.org.br\/wordpress\/wp-json\/wp\/v2\/posts\/3863\/revisions\/3864"}],"wp:featuredmedia":[{"embeddable":true,"href":"https:\/\/www.confere.org.br\/wordpress\/wp-json\/wp\/v2\/media\/3489"}],"wp:attachment":[{"href":"https:\/\/www.confere.org.br\/wordpress\/wp-json\/wp\/v2\/media?parent=3863"}],"wp:term":[{"taxonomy":"category","embeddable":true,"href":"https:\/\/www.confere.org.br\/wordpress\/wp-json\/wp\/v2\/categories?post=3863"},{"taxonomy":"post_tag","embeddable":true,"href":"https:\/\/www.confere.org.br\/wordpress\/wp-json\/wp\/v2\/tags?post=3863"}],"curies":[{"name":"wp","href":"https:\/\/api.w.org\/{rel}","templated":true}]}}