{"id":3869,"date":"2020-11-27T09:44:38","date_gmt":"2020-11-27T11:44:38","guid":{"rendered":"https:\/\/www.confere.org.br\/wordpress\/?p=3869"},"modified":"2021-01-28T12:30:52","modified_gmt":"2021-01-28T14:30:52","slug":"processo-de-licitacao-no-011-2020-prestacao-de-servicos-de-auditoria-contabil-e-administrativa","status":"publish","type":"post","link":"https:\/\/www.confere.org.br\/wordpress\/processo-de-licitacao-no-011-2020-prestacao-de-servicos-de-auditoria-contabil-e-administrativa\/","title":{"rendered":"Processo de Licita\u00e7\u00e3o n\u00ba 011\/2020 &#8211; Presta\u00e7\u00e3o de servi\u00e7os de auditoria cont\u00e1bil e administrativa"},"content":{"rendered":"\r\n<p>Escolher a proposta mais vantajosa de empresa especializada na presta\u00e7\u00e3o de servi\u00e7os de auditoria independente para execu\u00e7\u00e3o de trabalhos de auditoria cont\u00e1bil e administrativa no Conselho Federal dos Representantes Comerciais e nos Conselhos Regionais dos Representantes Comerciais dos Estados componentes do Sistema CONFERE\/CORES.<\/p>\r\n\r\n\r\n\r\n<p><a href=\"https:\/\/www.confere.org.br\/wordpress\/wp-content\/uploads\/2020\/11\/Edital-2021-novo-timbrado.pdf\" target=\"_blank\" rel=\"noreferrer noopener\" aria-label=\"Edital (abre numa nova aba)\">Edital<\/a><\/p>\r\n\r\n\r\n\r\n<p><a href=\"https:\/\/www.confere.org.br\/wordpress\/wp-content\/uploads\/2020\/11\/Publicacao-DOU.pdf\" target=\"_blank\" rel=\"noreferrer noopener\" aria-label=\"Publica\u00e7\u00e3o DOU 27\/11\/2020 (abre numa nova aba)\">Publica\u00e7\u00e3o DOU &#8211; 27\/11\/2020<\/a><\/p>\r\n\r\n\r\n\r\n<p><a href=\"https:\/\/www.confere.org.br\/wordpress\/wp-content\/uploads\/2021\/01\/TERMO-DE-ADJUDICACAO-AUDITORIA.pdf\" target=\"_blank\" rel=\"noreferrer noopener\">Termo de adjudica\u00e7\u00e3o<\/a><\/p>\r\n\r\n\r\n\r\n<p><a href=\"https:\/\/www.confere.org.br\/wordpress\/wp-content\/uploads\/2021\/01\/TERMO-DE-HOMOLOGACAO-AUDITORIA.pdf\" target=\"_blank\" rel=\"noreferrer noopener\">Termo de homologa\u00e7\u00e3o<\/a><\/p>\r\n\r\n\r\n\r\n<p>&nbsp;<\/p>\r\n\r\n<p>&nbsp;<\/p>","protected":false},"excerpt":{"rendered":"<p>Escolher a proposta mais vantajosa de empresa especializada na presta\u00e7\u00e3o de servi\u00e7os de auditoria independente para execu\u00e7\u00e3o de trabalhos de auditoria cont\u00e1bil e administrativa no Conselho Federal dos Representantes Comerciais e nos Conselhos Regionais dos Representantes Comerciais dos Estados componentes do Sistema CONFERE\/CORES. Edital Publica\u00e7\u00e3o DOU &#8211; 27\/11\/2020 Termo de adjudica\u00e7\u00e3o Termo de homologa\u00e7\u00e3o &nbsp; &hellip; <\/p>\n<p class=\"link-more\"><a href=\"https:\/\/www.confere.org.br\/wordpress\/processo-de-licitacao-no-011-2020-prestacao-de-servicos-de-auditoria-contabil-e-administrativa\/\" class=\"more-link\">Continue lendo<span class=\"screen-reader-text\"> &#8220;Processo de Licita\u00e7\u00e3o n\u00ba 011\/2020 &#8211; Presta\u00e7\u00e3o de servi\u00e7os de auditoria cont\u00e1bil e administrativa&#8221;<\/span><\/a><\/p>\n","protected":false},"author":3,"featured_media":0,"comment_status":"closed","ping_status":"closed","sticky":false,"template":"","format":"standard","meta":[],"categories":[32],"tags":[],"_links":{"self":[{"href":"https:\/\/www.confere.org.br\/wordpress\/wp-json\/wp\/v2\/posts\/3869"}],"collection":[{"href":"https:\/\/www.confere.org.br\/wordpress\/wp-json\/wp\/v2\/posts"}],"about":[{"href":"https:\/\/www.confere.org.br\/wordpress\/wp-json\/wp\/v2\/types\/post"}],"author":[{"embeddable":true,"href":"https:\/\/www.confere.org.br\/wordpress\/wp-json\/wp\/v2\/users\/3"}],"replies":[{"embeddable":true,"href":"https:\/\/www.confere.org.br\/wordpress\/wp-json\/wp\/v2\/comments?post=3869"}],"version-history":[{"count":6,"href":"https:\/\/www.confere.org.br\/wordpress\/wp-json\/wp\/v2\/posts\/3869\/revisions"}],"predecessor-version":[{"id":4123,"href":"https:\/\/www.confere.org.br\/wordpress\/wp-json\/wp\/v2\/posts\/3869\/revisions\/4123"}],"wp:attachment":[{"href":"https:\/\/www.confere.org.br\/wordpress\/wp-json\/wp\/v2\/media?parent=3869"}],"wp:term":[{"taxonomy":"category","embeddable":true,"href":"https:\/\/www.confere.org.br\/wordpress\/wp-json\/wp\/v2\/categories?post=3869"},{"taxonomy":"post_tag","embeddable":true,"href":"https:\/\/www.confere.org.br\/wordpress\/wp-json\/wp\/v2\/tags?post=3869"}],"curies":[{"name":"wp","href":"https:\/\/api.w.org\/{rel}","templated":true}]}}