{"id":3891,"date":"2020-12-01T15:07:59","date_gmt":"2020-12-01T17:07:59","guid":{"rendered":"https:\/\/www.confere.org.br\/wordpress\/?p=3891"},"modified":"2020-12-01T15:07:59","modified_gmt":"2020-12-01T17:07:59","slug":"produtividade-do-trabalho-na-industria-cresce-8-no-3o-trimestre-diz-cni","status":"publish","type":"post","link":"https:\/\/www.confere.org.br\/wordpress\/produtividade-do-trabalho-na-industria-cresce-8-no-3o-trimestre-diz-cni\/","title":{"rendered":"Produtividade do trabalho na ind\u00fastria cresce 8% no 3\u00ba trimestre, diz CNI"},"content":{"rendered":"\n<p>A produtividade do trabalho na ind\u00fastria se recuperou no terceiro trimestre de 2020, depois de duas quedas consecutivas como resultado dos efeitos da pandemia do coronav\u00edrus sobre a economia. \u00c9 o que mostra o estudo Produtividade na Ind\u00fastria, da&nbsp;<a href=\"https:\/\/g1.globo.com\/tudo-sobre\/cni\/\">Confedera\u00e7\u00e3o Nacional da Ind\u00fastria<\/a>&nbsp;(CNI).<\/p>\n\n\n\n<p>De acordo com os dados, houve alta de 8% na compara\u00e7\u00e3o com o segundo trimestre de 2020, j\u00e1 considerando a s\u00e9rie livre de efeitos sazonais. A produtividade \u00e9 o volume produzido pela ind\u00fastria da transforma\u00e7\u00e3o dividido pela quantidade de horas trabalhadas.<\/p>\n\n\n\n<p>A pesquisa revela que o volume produzido nos meses de julho, agosto e setembro cresceu 25,8% em rela\u00e7\u00e3o ao per\u00edodo que compreende abril, maio e junho, enquanto as horas trabalhadas na produ\u00e7\u00e3o tiveram alta de 16,4%.<\/p>\n\n\n\n<blockquote class=\"wp-block-quote\"><p>\u201cA ind\u00fastria se recuperou de forma r\u00e1pida e intensa a partir de maio, passado o momento mais agudo da crise. Ao longo do trimestre, as f\u00e1bricas operaram em n\u00edveis de ocupa\u00e7\u00e3o da capacidade instalada crescentes para recompor estoques e atender \u00e0 r\u00e1pida recupera\u00e7\u00e3o da demanda\u201d, pontua o estudo.<\/p><\/blockquote>\n\n\n\n<p>O documento da CNI observa que o crescimento acelerado da produtividade \u2014 o maior da s\u00e9rie hist\u00f3rica iniciada em 2000 \u2014 mais do que compensou a queda acumulada nos dois primeiros trimestres do ano, que chegou \u00e0 marca de -6,7% na compara\u00e7\u00e3o com o quarto trimestre de 2019. O n\u00edvel registrado agora \u00e9 superior ao verificado no quarto trimestre de 2017, pico anterior da s\u00e9rie hist\u00f3rica.<\/p>\n\n\n\n<p>\u201cO crescimento acelerado da produtividade no terceiro trimestre e a queda acentuada no primeiro semestre do ano s\u00e3o movimentos conjunturais. Eles refletem mudan\u00e7as na intensidade do esfor\u00e7o do trabalhador e no ritmo de produ\u00e7\u00e3o que \u00e9 estabelecido pelas empresas e n\u00e3o mudan\u00e7as de mais longo prazo, como uma maior qualifica\u00e7\u00e3o do trabalhador\u201d, explica Samantha Cunha, economista da CNI.<\/p>\n\n\n\n<p>No entanto, apesar do expressivo crescimento mostrado na pesquisa, a expectativa \u00e9 que a produtividade do trabalho na ind\u00fastria encerre 2020 com baixo crescimento.<\/p>\n\n\n\n<p>Mesmo que o ritmo de alta seja mantido no \u00faltimo trimestre, o indicador fecha o ano com aumento abaixo do patamar de 1%, o que significa que pelo terceiro ano seguido o crescimento da produtividade deve ficar abaixo de 1% \u2014 entre 2017 e 2019, o indicador acumulou alta de apenas 1,5%.<\/p>\n\n\n\n<p><br><br>Fonte: <a rel=\"noreferrer noopener\" aria-label=\"www.g1.globo.com (abre numa nova aba)\" href=\"https:\/\/g1.globo.com\/economia\/noticia\/2020\/12\/01\/produtividade-do-trabalho-na-industria-cresce-8-no-3o-trimestre-diz-cni.ghtml\" target=\"_blank\">www.g1.globo.com<\/a><\/p>\n","protected":false},"excerpt":{"rendered":"<p>Crescimento acelerado da produtividade \u2014 o maior da s\u00e9rie hist\u00f3rica iniciada em 2000 \u2014 mais do que compensou a queda acumulada nos dois primeiros trimestres do ano.<\/p>\n","protected":false},"author":3,"featured_media":3380,"comment_status":"closed","ping_status":"closed","sticky":false,"template":"","format":"standard","meta":[],"categories":[2],"tags":[],"_links":{"self":[{"href":"https:\/\/www.confere.org.br\/wordpress\/wp-json\/wp\/v2\/posts\/3891"}],"collection":[{"href":"https:\/\/www.confere.org.br\/wordpress\/wp-json\/wp\/v2\/posts"}],"about":[{"href":"https:\/\/www.confere.org.br\/wordpress\/wp-json\/wp\/v2\/types\/post"}],"author":[{"embeddable":true,"href":"https:\/\/www.confere.org.br\/wordpress\/wp-json\/wp\/v2\/users\/3"}],"replies":[{"embeddable":true,"href":"https:\/\/www.confere.org.br\/wordpress\/wp-json\/wp\/v2\/comments?post=3891"}],"version-history":[{"count":1,"href":"https:\/\/www.confere.org.br\/wordpress\/wp-json\/wp\/v2\/posts\/3891\/revisions"}],"predecessor-version":[{"id":3892,"href":"https:\/\/www.confere.org.br\/wordpress\/wp-json\/wp\/v2\/posts\/3891\/revisions\/3892"}],"wp:featuredmedia":[{"embeddable":true,"href":"https:\/\/www.confere.org.br\/wordpress\/wp-json\/wp\/v2\/media\/3380"}],"wp:attachment":[{"href":"https:\/\/www.confere.org.br\/wordpress\/wp-json\/wp\/v2\/media?parent=3891"}],"wp:term":[{"taxonomy":"category","embeddable":true,"href":"https:\/\/www.confere.org.br\/wordpress\/wp-json\/wp\/v2\/categories?post=3891"},{"taxonomy":"post_tag","embeddable":true,"href":"https:\/\/www.confere.org.br\/wordpress\/wp-json\/wp\/v2\/tags?post=3891"}],"curies":[{"name":"wp","href":"https:\/\/api.w.org\/{rel}","templated":true}]}}