{"id":3943,"date":"2020-12-08T19:11:10","date_gmt":"2020-12-08T21:11:10","guid":{"rendered":"https:\/\/www.confere.org.br\/wordpress\/?p=3943"},"modified":"2020-12-08T19:11:11","modified_gmt":"2020-12-08T21:11:11","slug":"industria-automobilistica-recupera-niveis-de-producao-e-exportacao","status":"publish","type":"post","link":"https:\/\/www.confere.org.br\/wordpress\/industria-automobilistica-recupera-niveis-de-producao-e-exportacao\/","title":{"rendered":"Ind\u00fastria automobil\u00edstica recupera n\u00edveis de produ\u00e7\u00e3o e exporta\u00e7\u00e3o"},"content":{"rendered":"\n<p>A ind\u00fastria automobil\u00edstica recuperou, no m\u00eas passado, os n\u00edveis de produ\u00e7\u00e3o e exporta\u00e7\u00e3o de novembro de 2019. A quantidade de unidades licenciadas, por\u00e9m, ficou abaixo da registrada anteriormente, de acordo com<a href=\"http:\/\/www.anfavea.com.br\/cartas\/carta415.pdf\" target=\"_blank\" rel=\"noreferrer noopener\">&nbsp;balan\u00e7o<\/a>&nbsp;divulgado hoje&nbsp;<img src=\"https:\/\/agenciabrasil.ebc.com.br\/ebc.png?id=1395723&amp;o=node\"><img src=\"https:\/\/agenciabrasil.ebc.com.br\/ebc.gif?id=1395723&amp;o=node\">(7)&nbsp;<img src=\"https:\/\/agenciabrasil.ebc.com.br\/ebc.png?id=1395723&amp;o=node\"><img src=\"https:\/\/agenciabrasil.ebc.com.br\/ebc.gif?id=1395723&amp;o=node\">pela Associa\u00e7\u00e3o Nacional dos Fabricantes de Ve\u00edculos Automotores (Anfavea).<\/p>\n\n\n\n<p>O relat\u00f3rio mostra que a demanda do mercado interno diminuiu 7,1%, em compara\u00e7\u00e3o com 2019. Foram 225.010 unidades, contra 242 mil.&nbsp;<img src=\"https:\/\/agenciabrasil.ebc.com.br\/ebc.png?id=1395723&amp;o=node\"><img src=\"https:\/\/agenciabrasil.ebc.com.br\/ebc.gif?id=1395723&amp;o=node\">&nbsp;No ano, 1.814.470 autom\u00f3veis foram emplacados.<\/p>\n\n\n\n<p>Ao contr\u00e1rio das vendas, a produ\u00e7\u00e3o apresentou leve aumento, de 0,7%, com um total de 238,2 mil autove\u00edculos. Conforme a Anfavea, o volume foi insuficiente para atender ao mercado.<\/p>\n\n\n\n<p>No acumulado do ano, a produ\u00e7\u00e3o chegou \u00e0 marca de 1.804.759 unidades, 35% a menos que a do ano passado. Em novembro, tamb\u00e9m sa\u00edram das esteiras de montadoras&nbsp;<img src=\"https:\/\/agenciabrasil.ebc.com.br\/ebc.png?id=1395723&amp;o=node\"><img src=\"https:\/\/agenciabrasil.ebc.com.br\/ebc.gif?id=1395723&amp;o=node\">11,5 mil caminh\u00f5es, 1,7 mil \u00f4nibus e 5 mil m\u00e1quinas agr\u00edcolas e rodovi\u00e1rias.<\/p>\n\n\n\n<p>Em entrevista coletiva, representantes da Anfavea tamb\u00e9m destacaram n\u00fameros relativos \u00e0 exporta\u00e7\u00e3o. Em novembro, 44.007 unidades foram enviadas ao exterior, o que se traduziu no melhor&nbsp;<img src=\"https:\/\/agenciabrasil.ebc.com.br\/ebc.png?id=1395723&amp;o=node\"><img src=\"https:\/\/agenciabrasil.ebc.com.br\/ebc.gif?id=1395723&amp;o=node\">resultado desde agosto de 2018. A alta no \u00edndice, explicaram, se deu em virtude do represamento que vem ocorrendo nos \u00faltimos meses&nbsp;<img src=\"https:\/\/agenciabrasil.ebc.com.br\/ebc.png?id=1395723&amp;o=node\"><img src=\"https:\/\/agenciabrasil.ebc.com.br\/ebc.gif?id=1395723&amp;o=node\">por causa&nbsp;<img src=\"https:\/\/agenciabrasil.ebc.com.br\/ebc.png?id=1395723&amp;o=node\"><img src=\"https:\/\/agenciabrasil.ebc.com.br\/ebc.gif?id=1395723&amp;o=node\">da pandemia de covid-19. Ao longo de todo o ano, 285.925 unidades foram exportadas, n\u00famero&nbsp;<img src=\"https:\/\/agenciabrasil.ebc.com.br\/ebc.png?id=1395723&amp;o=node\"><img src=\"https:\/\/agenciabrasil.ebc.com.br\/ebc.gif?id=1395723&amp;o=node\">28,4% inferior ao&nbsp;<img src=\"https:\/\/agenciabrasil.ebc.com.br\/ebc.png?id=1395723&amp;o=node\"><img src=\"https:\/\/agenciabrasil.ebc.com.br\/ebc.gif?id=1395723&amp;o=node\">de 2019.&nbsp;<img src=\"https:\/\/agenciabrasil.ebc.com.br\/ebc.png?id=1395723&amp;o=node\"><img src=\"https:\/\/agenciabrasil.ebc.com.br\/ebc.gif?id=1395723&amp;o=node\"><\/p>\n\n\n\n<p>O presidente da entidade, Luiz Carlos Moraes, disse que a produ\u00e7\u00e3o&nbsp;<img src=\"https:\/\/agenciabrasil.ebc.com.br\/ebc.png?id=1395723&amp;o=node\"><img src=\"https:\/\/agenciabrasil.ebc.com.br\/ebc.gif?id=1395723&amp;o=node\">de dezembro&nbsp;<img src=\"https:\/\/agenciabrasil.ebc.com.br\/ebc.png?id=1395723&amp;o=node\"><img src=\"https:\/\/agenciabrasil.ebc.com.br\/ebc.gif?id=1395723&amp;o=node\">\u00e9 algo que n\u00e3o se prev\u00ea facilmente e destacou alguns desafios que o setor enfrenta. Segundo ele, a falta de mat\u00e9ria-prima \u00e9 o mais preocupante, porque pode significar a paralisa\u00e7\u00e3o das montadoras.&nbsp;<img src=\"https:\/\/agenciabrasil.ebc.com.br\/ebc.png?id=1395723&amp;o=node\"><img src=\"https:\/\/agenciabrasil.ebc.com.br\/ebc.gif?id=1395723&amp;o=node\"><\/p>\n\n\n\n<p>&#8220;O risco de paralisa\u00e7\u00e3o \u00e9 muito alto&#8221;, afirmou. &#8220;Esse \u00e9 um desafio muito dif\u00edcil de se administrar.&#8221;<\/p>\n\n\n\n<p>Em novembro, as oportunidades de trabalho oferecidas pelo setor tamb\u00e9m pioraram. Na virada\u00a0<img src=\"https:\/\/agenciabrasil.ebc.com.br\/ebc.png?id=1395723&amp;o=node\"><img src=\"https:\/\/agenciabrasil.ebc.com.br\/ebc.gif?id=1395723&amp;o=node\">de outubro\u00a0<img src=\"https:\/\/agenciabrasil.ebc.com.br\/ebc.png?id=1395723&amp;o=node\"><img src=\"https:\/\/agenciabrasil.ebc.com.br\/ebc.gif?id=1395723&amp;o=node\">para o m\u00eas passado, o total de vagas passou de 121,4 mil para 120,8 mil. Moraes afirmou\u00a0<img src=\"https:\/\/agenciabrasil.ebc.com.br\/ebc.png?id=1395723&amp;o=node\"><img src=\"https:\/\/agenciabrasil.ebc.com.br\/ebc.gif?id=1395723&amp;o=node\">que, no per\u00edodo, 1.284 funcion\u00e1rios deixaram as fun\u00e7\u00f5es por aderir a programas de demiss\u00e3o volunt\u00e1ria (PDVs) ou foram demitidos ap\u00f3s contratos tempor\u00e1rios serem encerrados.\u00a0<\/p>\n\n\n\n<p><br><br>Fonte: <a rel=\"noreferrer noopener\" href=\"https:\/\/agenciabrasil.ebc.com.br\/economia\/noticia\/2020-12\/industria-automobilistica-recupera-niveis-de-producao-e-exportacao\" target=\"_blank\">Ag\u00eancia Brasil<\/a><\/p>\n","protected":false},"excerpt":{"rendered":"<p>Demanda interna, por\u00e9m, diminuiu 7,1%, em compara\u00e7\u00e3o com 2019<\/p>\n","protected":false},"author":3,"featured_media":3946,"comment_status":"closed","ping_status":"closed","sticky":false,"template":"","format":"standard","meta":[],"categories":[2],"tags":[],"_links":{"self":[{"href":"https:\/\/www.confere.org.br\/wordpress\/wp-json\/wp\/v2\/posts\/3943"}],"collection":[{"href":"https:\/\/www.confere.org.br\/wordpress\/wp-json\/wp\/v2\/posts"}],"about":[{"href":"https:\/\/www.confere.org.br\/wordpress\/wp-json\/wp\/v2\/types\/post"}],"author":[{"embeddable":true,"href":"https:\/\/www.confere.org.br\/wordpress\/wp-json\/wp\/v2\/users\/3"}],"replies":[{"embeddable":true,"href":"https:\/\/www.confere.org.br\/wordpress\/wp-json\/wp\/v2\/comments?post=3943"}],"version-history":[{"count":1,"href":"https:\/\/www.confere.org.br\/wordpress\/wp-json\/wp\/v2\/posts\/3943\/revisions"}],"predecessor-version":[{"id":3947,"href":"https:\/\/www.confere.org.br\/wordpress\/wp-json\/wp\/v2\/posts\/3943\/revisions\/3947"}],"wp:featuredmedia":[{"embeddable":true,"href":"https:\/\/www.confere.org.br\/wordpress\/wp-json\/wp\/v2\/media\/3946"}],"wp:attachment":[{"href":"https:\/\/www.confere.org.br\/wordpress\/wp-json\/wp\/v2\/media?parent=3943"}],"wp:term":[{"taxonomy":"category","embeddable":true,"href":"https:\/\/www.confere.org.br\/wordpress\/wp-json\/wp\/v2\/categories?post=3943"},{"taxonomy":"post_tag","embeddable":true,"href":"https:\/\/www.confere.org.br\/wordpress\/wp-json\/wp\/v2\/tags?post=3943"}],"curies":[{"name":"wp","href":"https:\/\/api.w.org\/{rel}","templated":true}]}}