{"id":3966,"date":"2020-12-09T11:53:10","date_gmt":"2020-12-09T13:53:10","guid":{"rendered":"https:\/\/www.confere.org.br\/wordpress\/?p=3966"},"modified":"2020-12-09T11:53:10","modified_gmt":"2020-12-09T13:53:10","slug":"industria-opera-em-patamar-superior-ao-pre-pandemia-em-9-de-15-locais-diz-ibge","status":"publish","type":"post","link":"https:\/\/www.confere.org.br\/wordpress\/industria-opera-em-patamar-superior-ao-pre-pandemia-em-9-de-15-locais-diz-ibge\/","title":{"rendered":"Ind\u00fastria opera em patamar superior ao pr\u00e9-pandemia em 9 de 15 locais, diz IBGE"},"content":{"rendered":"\n<p>Em outubro, a produ\u00e7\u00e3o industrial nacional operava 1,4% acima do pr\u00e9-pandemia. Em S\u00e3o Paulo, o maior parque fabril do Pa\u00eds, a produ\u00e7\u00e3o rodava 5,3% al\u00e9m do n\u00edvel de fevereiro. <\/p>\n\n\n\n<p>Os demais locais com ganhos em rela\u00e7\u00e3o a fevereiro foram Amazonas (com produ\u00e7\u00e3o 10,8% superior ao pr\u00e9-pandemia), Santa Catarina (6,1%), Cear\u00e1 (6,1%), Minas Gerais (5,1%). Paran\u00e1 (4,3%), Pernambuco (2,6%), Par\u00e1 (1,3%) e Rio Grande do Sul (0,3%).<\/p>\n\n\n\n<p>Os seis locais ainda com perdas em outubro ante o patamar de fevereiro foram Esp\u00edrito Santo (-10,8%), Bahia (-7,6%), Rio de Janeiro (-7,1%), Mato Grosso (-5,7%), Nordeste (-3,1%) e Goi\u00e1s (-1,1%).<\/p>\n\n\n\n<p><br><br>Fonte: <a rel=\"noreferrer noopener\" href=\"https:\/\/economia.uol.com.br\/noticias\/estadao-conteudo\/2020\/12\/09\/industria-opera-em-patamar-superior-ao-pre-pandemia-em-9-de-15-locais-diz-ibge.htm\" target=\"_blank\">www.uol.com.br<\/a><\/p>\n","protected":false},"excerpt":{"rendered":"<p>A produ\u00e7\u00e3o industrial j\u00e1 superou o patamar de fevereiro, no pr\u00e9-pandemia, em 9 dos 15 locais pesquisados. Os dados s\u00e3o da Pesquisa Industrial Mensal &#8211; Produ\u00e7\u00e3o F\u00edsica Regional, divulgados pelo Instituto Brasileiro de Geografia e Estat\u00edstica (IBGE).<\/p>\n","protected":false},"author":3,"featured_media":3967,"comment_status":"closed","ping_status":"closed","sticky":false,"template":"","format":"standard","meta":[],"categories":[2],"tags":[],"_links":{"self":[{"href":"https:\/\/www.confere.org.br\/wordpress\/wp-json\/wp\/v2\/posts\/3966"}],"collection":[{"href":"https:\/\/www.confere.org.br\/wordpress\/wp-json\/wp\/v2\/posts"}],"about":[{"href":"https:\/\/www.confere.org.br\/wordpress\/wp-json\/wp\/v2\/types\/post"}],"author":[{"embeddable":true,"href":"https:\/\/www.confere.org.br\/wordpress\/wp-json\/wp\/v2\/users\/3"}],"replies":[{"embeddable":true,"href":"https:\/\/www.confere.org.br\/wordpress\/wp-json\/wp\/v2\/comments?post=3966"}],"version-history":[{"count":1,"href":"https:\/\/www.confere.org.br\/wordpress\/wp-json\/wp\/v2\/posts\/3966\/revisions"}],"predecessor-version":[{"id":3968,"href":"https:\/\/www.confere.org.br\/wordpress\/wp-json\/wp\/v2\/posts\/3966\/revisions\/3968"}],"wp:featuredmedia":[{"embeddable":true,"href":"https:\/\/www.confere.org.br\/wordpress\/wp-json\/wp\/v2\/media\/3967"}],"wp:attachment":[{"href":"https:\/\/www.confere.org.br\/wordpress\/wp-json\/wp\/v2\/media?parent=3966"}],"wp:term":[{"taxonomy":"category","embeddable":true,"href":"https:\/\/www.confere.org.br\/wordpress\/wp-json\/wp\/v2\/categories?post=3966"},{"taxonomy":"post_tag","embeddable":true,"href":"https:\/\/www.confere.org.br\/wordpress\/wp-json\/wp\/v2\/tags?post=3966"}],"curies":[{"name":"wp","href":"https:\/\/api.w.org\/{rel}","templated":true}]}}