{"id":3986,"date":"2020-12-10T11:45:21","date_gmt":"2020-12-10T13:45:21","guid":{"rendered":"https:\/\/www.confere.org.br\/wordpress\/?p=3986"},"modified":"2020-12-10T11:49:47","modified_gmt":"2020-12-10T13:49:47","slug":"vendas-do-comercio-crescem-09-em-outubro-e-setor-registra-6a-alta-seguida","status":"publish","type":"post","link":"https:\/\/www.confere.org.br\/wordpress\/vendas-do-comercio-crescem-09-em-outubro-e-setor-registra-6a-alta-seguida\/","title":{"rendered":"Vendas do com\u00e9rcio crescem 0,9% em outubro e setor registra 6\u00aa alta seguida"},"content":{"rendered":"\n<p>As vendas do com\u00e9rcio varejista cresceram&nbsp;0,9% em outubro, na compara\u00e7\u00e3o com setembro, com o setor cravando a 6\u00aa alta consecutiva, segundo dados divulgados nesta quinta-feira (10) pelo Instituto Brasileiro de Geografia e Estat\u00edstica (<a href=\"https:\/\/g1.globo.com\/tudo-sobre\/ibge\/\">IBGE<\/a>).<\/p>\n\n\n\n<p>Em rela\u00e7\u00e3o a outubro de 2019, o avan\u00e7o foi de 8,3%, a quinta taxa positiva consecutiva e a maior para um m\u00eas de outubro desde 2012 (9,2%).<\/p>\n\n\n\n<blockquote class=\"wp-block-quote\"><p>&#8220;O patamar do varejo bateu recorde pela terceira vez seguida, ficando 0,9% acima de setembro e 8% superior a fevereiro, n\u00edvel pr\u00e9-pandemia&#8221;, destacou o IBGE. &#8220;O crescimento, por\u00e9m, foi desigual&#8221;, acrescentou.<\/p><\/blockquote>\n\n\n\n<figure class=\"wp-block-image is-resized\"><img src=\"https:\/\/s2.glbimg.com\/Bl3PIbsFIAeTrW2ZPr2Czx8v0dw=\/0x0:1340x1082\/1008x0\/smart\/filters:strip_icc()\/i.s3.glbimg.com\/v1\/AUTH_59edd422c0c84a879bd37670ae4f538a\/internal_photos\/bs\/2020\/2\/X\/qi9gInR7GiZpXfRZJi0w\/cysqv-vendas-do-com-rcio-m-s-a-m-s.png\" alt=\"Vendas do com\u00e9rcio m\u00eas a m\u00eas \u2014 Foto: Economia G1\" width=\"584\" height=\"472\"\/><\/figure>\n\n\n\n<p><br>De acordo com o gerente da pesquisa, Cristiano Santos, o patamar atual de vendas supera em 2,8% o pico mais alto do setor na s\u00e9rie hist\u00f3rica, que havia sido alcan\u00e7ado em outubro de 2014.<\/p>\n\n\n\n<p>A expectativa em pesquisa da Reuters era de baixa de 0,20% na compara\u00e7\u00e3o mensal e de avan\u00e7o de 6,70% sobre um ano antes.<\/p>\n\n\n\n<p>O\u00a0IBGE revisou os dados do com\u00e9rcio dos \u00faltimos quatro meses, que tiveram alta menos intensa que a divulgada anteriormente. O crescimento de junho foi de 8,6%, e n\u00e3o de 8,7%. J\u00e1 o de julho foi revisado de 4,7% para 4,6%, enquanto o de agosto de 3,1% para 2,9%. Em setembro, a alta foi de 0,5%, e n\u00e3o de 0,6%.<\/p>\n\n\n\n<h4><br><strong>Veja o desempenho de cada uma das atividades em outubro<\/strong><\/h4>\n\n\n\n<ul><li>Combust\u00edveis e lubrificantes: 1,1%<\/li><li>Hipermercados, supermercados, produtos aliment\u00edcios, bebidas e fumo: 0,6%<\/li><li><strong>Tecidos, vestu\u00e1rio e cal\u00e7ados: 6,6%<\/strong><\/li><li><strong>M\u00f3veis e eletrodom\u00e9sticos: -1,1%<\/strong><\/li><li>Artigos farmac\u00eauticos, m\u00e9dicos, ortop\u00e9dicos e de perfumaria: 2,3%<\/li><li><strong>Livros, jornais, revistas e papelaria: 6,6%<\/strong><\/li><li>Equipamentos e material para escrit\u00f3rio, inform\u00e1tica e comunica\u00e7\u00e3o: 3,7%<\/li><li>Outros artigos de uso pessoal e dom\u00e9stico: 1,9%<\/li><li>Ve\u00edculos, motos, partes e pe\u00e7as: 4,8% (varejo ampliado)<\/li><li>Material de constru\u00e7\u00e3o: 0,2% (varejo ampliado)<\/li><\/ul>\n\n\n\n<h4><br>Avan\u00e7o de 1,3% em 12 meses<\/h4>\n\n\n\n<p>No acumulado no ano, o varejo passou a registrar alta de 0,9%. J\u00e1 o acumulado em 12 meses ficou em 1,3%, ante alta acumulada de 0,9% em setembro, indicando um ganho de f\u00f4lego.<\/p>\n\n\n\n<blockquote class=\"wp-block-quote\"><p>\u201cEsse resultado de outubro mostra um repique para cima, que precisamos ter cuidado para avaliar como uma retomada da acelera\u00e7\u00e3o. No m\u00ednimo, mostra um folego da economia num patamar que j\u00e1 estava alto\u201d, afirmou o gerente da pesquisa.<\/p><\/blockquote>\n\n\n\n<p>Segundo Santos, os principais fatores de influ\u00eancia no atual desempenho do com\u00e9rcio s\u00e3o a oferta maior de cr\u00e9dito, juros mais baixos, e a renda extra do Aux\u00edlio Emergencial.<\/p>\n\n\n\n<p>No acumulado no ano at\u00e9 outubro, 4 das 8 atividades pesquisadas ainda registram perdas.\u00a0<strong>Veja gr\u00e1fico abaixo<\/strong>:<\/p>\n\n\n\n<figure class=\"wp-block-image is-resized\"><img src=\"https:\/\/s2.glbimg.com\/_tiH5cWQtIHYYOUCFL2A4sl56oQ=\/0x0:1480x768\/1008x0\/smart\/filters:strip_icc()\/i.s3.glbimg.com\/v1\/AUTH_59edd422c0c84a879bd37670ae4f538a\/internal_photos\/bs\/2020\/Q\/7\/XcQJRRTZWwAgO72oSiiw\/3zrbe-varia-o-em-acumulada-no-ano-por-atividade-do-com-rcio-nbsp-.png\" alt=\"Metade das atividades do com\u00e9rcio ainda operavam no campo negativo em outubro \u2014 Foto: Economia\/G1\" width=\"684\" height=\"354\"\/><\/figure>\n\n\n\n<p><br>A receita nominal do varejo subiu 2% em outubro. Na compara\u00e7\u00e3o anual, subiu 2,5%. No acumulado no ano, tem eleva\u00e7\u00e3o de 4,9%. E em 12 meses, passou a acumular alta de 5,1%.<\/p>\n\n\n\n<h4><br>S\u00f3 m\u00f3veis e eletrodom\u00e9sticos tiveram queda no m\u00eas<\/h4>\n\n\n\n<p>Entre as 8 atividades pesquisadas, 7 tiveram taxas positivas&nbsp;na compara\u00e7\u00e3o com setembro, com destaque para tecidos, vestu\u00e1rio e cal\u00e7ados (6,6%), livros, jornais, revistas e papelaria (6,6%) e equipamentos e material para escrit\u00f3rio, inform\u00e1tica e comunica\u00e7\u00e3o (3,7%). O setor de supermercados, que possui o maior peso no \u00edndice, avan\u00e7ou 0,6%.<\/p>\n\n\n\n<p>O \u00fanico segmento que teve queda no m\u00eas foi o de m\u00f3veis e eletrodom\u00e9sticos (-1,1%), mas ainda \u00e9 o que acumula o melhor desempenho no ano e desde o in\u00edcio da pandemia.<\/p>\n\n\n\n<p>Pelo conceito&nbsp;<strong>varejo ampliado<\/strong>, que inclui &#8220;Ve\u00edculos, motos, partes e pe\u00e7as&#8221; e de &#8220;Material de constru\u00e7\u00e3o&#8221;, o volume de vendas&nbsp;cresceu 2,1% em rela\u00e7\u00e3o a setembro e 6% na compara\u00e7\u00e3o com outubro de 2019. No acumulado no ano e nos \u00faltimos 12 meses, ainda h\u00e1 queda, de 2,6% e de 1,4%, respectivamente.<\/p>\n\n\n\n<p>Na compara\u00e7\u00e3o com setembro, o volume de vendas cresceu em 22 das 27 unidades da federa\u00e7\u00e3o, com destaque para Bahia (3,5%), Piau\u00ed (3,1%) e Mato Grosso do Sul (2,9%). Entre as maiores quedas, as que mais pressionaram o \u00edndice foram as de Tocantins (-5,4%), Roraima (-2,2%) e Par\u00e1 (-0,7%).<\/p>\n\n\n\n<h4><br>Crescimento desigual<\/h4>\n\n\n\n<p>Embora o patamar de vendas do setor esteja 8% acima do per\u00edodo pr\u00e9-pandemia, o crescimento se mostra desigual, segundo o IBGE.<\/p>\n\n\n\n<figure class=\"wp-block-image is-resized\"><img src=\"https:\/\/s2.glbimg.com\/OSJ2oGWhZiV6FSktHuASmy4te-A=\/0x0:1500x896\/1008x0\/smart\/filters:strip_icc()\/i.s3.glbimg.com\/v1\/AUTH_59edd422c0c84a879bd37670ae4f538a\/internal_photos\/bs\/2020\/m\/y\/EuqX8mQ9i0ABjmqUdrlw\/3zrbe-dist-ncia-em-do-patamar-pr-pandemia-por-atividade-do-varejo-nbsp-.png\" alt=\"Metade das atividades do com\u00e9rcio varejista ainda n\u00e3o haviam recuperado, at\u00e9 outubro, as perdas provocadas pela pandemia \u2014 Foto: Economia\/G1\" width=\"685\" height=\"408\"\/><\/figure>\n\n\n\n<p><br>Os principais destaques foram s\u00e3o os segmentos de m\u00f3veis e eletrodom\u00e9sticos (19% acima do n\u00edvel de fevereiro), outros artigos de uso pessoal e dom\u00e9stico (13,3%), artigos farmac\u00eauticos, m\u00e9dicos, ortop\u00e9dicos, de perfumaria e cosm\u00e9ticos (9,6%) e hipermercados, supermercados, produtos aliment\u00edcios, bebidas e fumo (6,1%).<\/p>\n\n\n\n<p>Outras 4 atividades, por\u00e9m, tiveram quedas, sendo elas livros, jornais, revistas e papelaria (-33,7%), combust\u00edveis e lubrificantes (-4,7%), tecidos, vestu\u00e1rio e cal\u00e7ados (-4,6%) e equipamentos e material para escrit\u00f3rio, inform\u00e1tica e comunica\u00e7\u00e3o (-2,1%).<\/p>\n\n\n\n<p>\u201cO varejo ampliado mostra o mesmo comportamento, 4,9% acima de fevereiro, com cinco taxas positivas e cinco negativas. Material de constru\u00e7\u00e3o teve o maior crescimento (21,5%) e ve\u00edculos, motos, partes e pe\u00e7as, o menor (-5,2%), depois de livros\u201d, destacou o pesquisador.<\/p>\n\n\n\n<h4><br>Perspectivas<\/h4>\n\n\n\n<p>Ap\u00f3s o forte tombo no 1\u00ba semestre, o com\u00e9rcio \u00e9 um dos&nbsp;<a href=\"https:\/\/g1.globo.com\/economia\/noticia\/2020\/12\/03\/pib-do-3o-trimestre-veja-atividades-que-retomaram-nivel-pre-pandemia-e-as-que-ainda-acumulam-perdas.ghtml\">destaque de recupera\u00e7\u00e3o da economia<\/a>, tendo retomado j\u00e1 em agosto o patamar pr\u00e9-pandemia.<\/p>\n\n\n\n<p>A d\u00favida agora \u00e9 como ser\u00e1 o desempenho do setor daqui pra frente com o t\u00e9rmino dos aux\u00edlios governamentais, infla\u00e7\u00e3o em acelera\u00e7\u00e3o e desemprego ainda elevado. A avalia\u00e7\u00e3o dos economistas \u00e9 que o ritmo de recupera\u00e7\u00e3o da economia tende desacelerar no 4\u00ba trimestre e no come\u00e7o de 2021.<\/p>\n\n\n\n<p>O \u00cdndice de Confian\u00e7a do Consumidor (ICC) da Funda\u00e7\u00e3o Getulio Vargas&nbsp;<a href=\"https:\/\/g1.globo.com\/economia\/noticia\/2020\/11\/25\/confianca-do-consumidor-cai-em-novembro-e-registra-a-2a-queda-seguida.ghtml\">caiu em novembro pelo segundo m\u00eas seguido<\/a>, da mesma forma que a&nbsp;<a href=\"https:\/\/g1.globo.com\/economia\/noticia\/2020\/11\/26\/confianca-do-comercio-cai-em-novembro-pelo-2o-mes-seguido-aponta-fgv.ghtml\">confian\u00e7a dos empres\u00e1rios<\/a>&nbsp;do com\u00e9rcio.<\/p>\n\n\n\n<p>Na semana passada, o IBGE mostrou que a&nbsp;<a href=\"https:\/\/g1.globo.com\/economia\/noticia\/2020\/12\/02\/producao-industrial-cresce-11percent-em-outubro-diz-ibge.ghtml\">produ\u00e7\u00e3o industrial brasileira cresceu 1,1% em outubro<\/a>, desacelerando ante a alta de 2,8% em setembro. No acumulado no ano, o setor ainda acumula perda de 6,3%.<\/p>\n\n\n\n<p>O mercado financeiro passou a estimar uma<a href=\"https:\/\/g1.globo.com\/economia\/noticia\/2020\/12\/07\/mercado-financeiro-eleva-estimativa-de-inflacao-para-421percent-em-2020-acima-da-meta-central.ghtml\">&nbsp;retra\u00e7\u00e3o de 4,4% para a economia brasileira neste ano<\/a>&nbsp;e de 3,5% em 2021, segundo pesquisa Focus do Banco Central. J\u00e1 a proje\u00e7\u00e3o para infla\u00e7\u00e3o foi elevada para 4,21% em 2020.<\/p>\n\n\n\n<ul><li><a href=\"https:\/\/g1.globo.com\/economia\/noticia\/2020\/12\/04\/com-fim-do-auxilio-emergencial-e-piora-fiscal-pais-lida-com-incertezas-para-2021.ghtml\">Com fim do Aux\u00edlio Emergencial e piora fiscal, pa\u00eds lida com incertezas para 2021<\/a><\/li><\/ul>\n\n\n\n<p><br><br>Fonte: <a rel=\"noreferrer noopener\" href=\"https:\/\/g1.globo.com\/economia\/noticia\/2020\/12\/10\/vendas-do-comercio-crescem-09percent-em-outubro-diz-ibge.ghtml\" target=\"_blank\">www.g1.globo.com<\/a><\/p>\n","protected":false},"excerpt":{"rendered":"<p>Na compara\u00e7\u00e3o com outubro de 2019, avan\u00e7o foi de 8,3%. Patamar de vendas bateu novo recorde e agora se encontra 8% acima do n\u00edvel de fevereiro, pr\u00e9-pandemia. IBGE destaca, por\u00e9m, que crescimento ainda \u00e9 desigual.<\/p>\n","protected":false},"author":3,"featured_media":3529,"comment_status":"closed","ping_status":"closed","sticky":false,"template":"","format":"standard","meta":[],"categories":[2],"tags":[],"_links":{"self":[{"href":"https:\/\/www.confere.org.br\/wordpress\/wp-json\/wp\/v2\/posts\/3986"}],"collection":[{"href":"https:\/\/www.confere.org.br\/wordpress\/wp-json\/wp\/v2\/posts"}],"about":[{"href":"https:\/\/www.confere.org.br\/wordpress\/wp-json\/wp\/v2\/types\/post"}],"author":[{"embeddable":true,"href":"https:\/\/www.confere.org.br\/wordpress\/wp-json\/wp\/v2\/users\/3"}],"replies":[{"embeddable":true,"href":"https:\/\/www.confere.org.br\/wordpress\/wp-json\/wp\/v2\/comments?post=3986"}],"version-history":[{"count":4,"href":"https:\/\/www.confere.org.br\/wordpress\/wp-json\/wp\/v2\/posts\/3986\/revisions"}],"predecessor-version":[{"id":3990,"href":"https:\/\/www.confere.org.br\/wordpress\/wp-json\/wp\/v2\/posts\/3986\/revisions\/3990"}],"wp:featuredmedia":[{"embeddable":true,"href":"https:\/\/www.confere.org.br\/wordpress\/wp-json\/wp\/v2\/media\/3529"}],"wp:attachment":[{"href":"https:\/\/www.confere.org.br\/wordpress\/wp-json\/wp\/v2\/media?parent=3986"}],"wp:term":[{"taxonomy":"category","embeddable":true,"href":"https:\/\/www.confere.org.br\/wordpress\/wp-json\/wp\/v2\/categories?post=3986"},{"taxonomy":"post_tag","embeddable":true,"href":"https:\/\/www.confere.org.br\/wordpress\/wp-json\/wp\/v2\/tags?post=3986"}],"curies":[{"name":"wp","href":"https:\/\/api.w.org\/{rel}","templated":true}]}}