{"id":4005,"date":"2020-12-14T14:15:34","date_gmt":"2020-12-14T16:15:34","guid":{"rendered":"https:\/\/www.confere.org.br\/wordpress\/?p=4005"},"modified":"2020-12-14T14:15:35","modified_gmt":"2020-12-14T16:15:35","slug":"atividade-economica-cresce-086-em-outubro-diz-bc","status":"publish","type":"post","link":"https:\/\/www.confere.org.br\/wordpress\/atividade-economica-cresce-086-em-outubro-diz-bc\/","title":{"rendered":"Atividade econ\u00f4mica cresce 0,86% em outubro, diz BC"},"content":{"rendered":"\n<p>O \u00cdndice de Atividade Econ\u00f4mica do Banco Central (IBC-Br) apresentou alta de 0,86% em outubro, comparado a setembro, segundo dados divulgados hoje (14). Esse foi o sexto m\u00eas seguido de crescimento do indicador.<img src=\"https:\/\/agenciabrasil.ebc.com.br\/ebc.png?id=1396357&amp;o=node\"><img src=\"https:\/\/agenciabrasil.ebc.com.br\/ebc.gif?id=1396357&amp;o=node\"><\/p>\n\n\n\n<p>Em setembro, a expans\u00e3o ficou em 1,68%, seguida de crescimento de 1,62%, em agosto, 2,42%, em julho, 5,23%, em junho, quando houve o maior crescimento nessa compara\u00e7\u00e3o mensal, e 2,15%, em maio.<\/p>\n\n\n\n<p>Esses dados s\u00e3o dessazonalizados, ou seja, s\u00e3o ajustados de acordo com as caracter\u00edsticas de cada m\u00eas.<\/p>\n\n\n\n<p>Na compara\u00e7\u00e3o com outubro de 2019, houve retra\u00e7\u00e3o de 2,61% nos dados sem ajustes, por se tratar de per\u00edodos iguais.<\/p>\n\n\n\n<p>Em 12 meses encerrados em outubro, o indicador teve queda de 3,93%. No ano, at\u00e9 outubro, o recuo chegou a 4,92%.<\/p>\n\n\n\n<p>O IBC-Br \u00e9 uma forma de avaliar a evolu\u00e7\u00e3o da atividade econ\u00f4mica brasileira e ajuda o BC a tomar suas decis\u00f5es sobre a taxa b\u00e1sica de juros, a Selic.<\/p>\n\n\n\n<p>O \u00edndice incorpora informa\u00e7\u00f5es sobre o n\u00edvel de atividade dos tr\u00eas setores da economia: ind\u00fastria, com\u00e9rcio e servi\u00e7os e agropecu\u00e1ria, al\u00e9m do volume de impostos.<\/p>\n\n\n\n<p>O indicador foi criado pelo BC para fazer um acompanhamento mensal da atividade econ\u00f4mica. Mas o indicador oficial, com metodologia diferente do IBC-Br, \u00e9 o Produto Interno Bruto (PIB), calculado pelo Instituto Brasileiro de Geografia e Estat\u00edstica (IBGE) e divulgado trimestralmente.<\/p>\n\n\n\n<p><br><br>Fonte: <a rel=\"noreferrer noopener\" href=\"https:\/\/agenciabrasil.ebc.com.br\/economia\/noticia\/2020-12\/atividade-economica-cresce-086-em-outubro-diz-bc\" target=\"_blank\">Ag\u00eancia Brasil<\/a><\/p>\n","protected":false},"excerpt":{"rendered":"<p>\u00c9 a sexta alta seguida do indicador<\/p>\n","protected":false},"author":3,"featured_media":2109,"comment_status":"closed","ping_status":"closed","sticky":false,"template":"","format":"standard","meta":[],"categories":[2],"tags":[],"_links":{"self":[{"href":"https:\/\/www.confere.org.br\/wordpress\/wp-json\/wp\/v2\/posts\/4005"}],"collection":[{"href":"https:\/\/www.confere.org.br\/wordpress\/wp-json\/wp\/v2\/posts"}],"about":[{"href":"https:\/\/www.confere.org.br\/wordpress\/wp-json\/wp\/v2\/types\/post"}],"author":[{"embeddable":true,"href":"https:\/\/www.confere.org.br\/wordpress\/wp-json\/wp\/v2\/users\/3"}],"replies":[{"embeddable":true,"href":"https:\/\/www.confere.org.br\/wordpress\/wp-json\/wp\/v2\/comments?post=4005"}],"version-history":[{"count":1,"href":"https:\/\/www.confere.org.br\/wordpress\/wp-json\/wp\/v2\/posts\/4005\/revisions"}],"predecessor-version":[{"id":4006,"href":"https:\/\/www.confere.org.br\/wordpress\/wp-json\/wp\/v2\/posts\/4005\/revisions\/4006"}],"wp:featuredmedia":[{"embeddable":true,"href":"https:\/\/www.confere.org.br\/wordpress\/wp-json\/wp\/v2\/media\/2109"}],"wp:attachment":[{"href":"https:\/\/www.confere.org.br\/wordpress\/wp-json\/wp\/v2\/media?parent=4005"}],"wp:term":[{"taxonomy":"category","embeddable":true,"href":"https:\/\/www.confere.org.br\/wordpress\/wp-json\/wp\/v2\/categories?post=4005"},{"taxonomy":"post_tag","embeddable":true,"href":"https:\/\/www.confere.org.br\/wordpress\/wp-json\/wp\/v2\/tags?post=4005"}],"curies":[{"name":"wp","href":"https:\/\/api.w.org\/{rel}","templated":true}]}}